
{"id":30166,"global_id":"afabaix.org\/es\/?id=30166","global_id_lineage":["afabaix.org\/es\/?id=30166"],"author":"9","status":"publish","date":"2026-09-01 08:03:35","date_utc":"2026-09-01 08:03:35","modified":"2026-09-01 08:07:30","modified_utc":"2026-09-01 08:07:30","url":"https:\/\/afabaix.org\/es\/acte\/dia-mundial-del-alzheimer-2026-encarahisom-todaviaestamos\/","rest_url":"https:\/\/afabaix.org\/es\/wp-json\/tribe\/events\/v1\/events\/30166","title":"D\u00eda Mundial del Alzheimer 2026: #EncaraHiSom \u2013 #Todav\u00edaEstamos","description":"<p class=\"isSelectedEnd\">Ya estamos a las puertas del <strong>21 de septiembre, D\u00eda Mundial del Alzheimer<\/strong>, una jornada dedicada a dar visibilidad a la enfermedad, sensibilizar a la sociedad y poner en valor las necesidades de las personas afectadas, sus familias y las personas cuidadoras.<\/p>\n<p class=\"isSelectedEnd\">Este a\u00f1o, desde <strong>AFA Baix Llobregat<\/strong>, hacemos nuestro el lema <strong>#EncaraHiSom \u2013 #Todav\u00edaEstamos<\/strong>. Porque detr\u00e1s de un diagn\u00f3stico sigue habiendo una persona: una mirada, una emoci\u00f3n, una historia, una manera de ser y de sentir. La enfermedad puede ir cambiando muchas cosas, pero no borra a quien tenemos delante.<\/p>\n<p class=\"isSelectedEnd\">Como cada a\u00f1o, hemos preparado una amplia programaci\u00f3n de actividades en distintos municipios del Baix Llobregat para acercar la realidad del Alzheimer a la ciudadan\u00eda y generar espacios de informaci\u00f3n, participaci\u00f3n y sensibilizaci\u00f3n.<\/p>\n<p class=\"isSelectedEnd\">Entre las propuestas encontrar\u00e9is <strong>mesas informativas, charlas, caminatas solidarias, talleres de estimulaci\u00f3n cognitiva, cinef\u00f3rums, bingos musicales, actividades solidarias y una jornada cient\u00edfica<\/strong>, entre muchas otras actividades.<\/p>\n<p class=\"isSelectedEnd\">Os invitamos a participar y a sumaros a esta conmemoraci\u00f3n para continuar haciendo visible el Alzheimer y dar voz a las personas y familias que conviven con \u00e9l cada d\u00eda.<\/p>\n<p class=\"isSelectedEnd\">A continuaci\u00f3n pod\u00e9is consultar y descargar el <a href=\"https:\/\/afabaix.org\/wp-content\/uploads\/2026\/08\/Triptic.pdf\"><strong>tr\u00edptico con toda la programaci\u00f3n de actividades del D\u00eda Mundial del Alzheimer 2026<\/strong>.<\/a><\/p>\n<p><strong>#EncaraHiSom \u2013 #Todav\u00edaEstamos<\/strong><\/p>","excerpt":"","slug":"dia-mundial-del-alzheimer-2026-encarahisom-todaviaestamos","image":{"url":"https:\/\/afabaix.org\/wp-content\/uploads\/2026\/08\/WhatsApp-Image-2026-08-31-at-08.23.56.jpeg","id":30148,"extension":"jpeg","width":1080,"height":1350,"filesize":292833,"sizes":{"medium":{"width":240,"height":300,"mime-type":"image\/jpeg","filesize":19712,"url":"https:\/\/afabaix.org\/wp-content\/uploads\/2026\/08\/WhatsApp-Image-2026-08-31-at-08.23.56-240x300.jpeg"},"large":{"width":819,"height":1024,"mime-type":"image\/jpeg","filesize":125180,"url":"https:\/\/afabaix.org\/wp-content\/uploads\/2026\/08\/WhatsApp-Image-2026-08-31-at-08.23.56-819x1024.jpeg"},"thumbnail":{"width":150,"height":150,"mime-type":"image\/jpeg","filesize":7837,"url":"https:\/\/afabaix.org\/wp-content\/uploads\/2026\/08\/WhatsApp-Image-2026-08-31-at-08.23.56-150x150.jpeg"},"medium_large":{"width":768,"height":960,"mime-type":"image\/jpeg","filesize":114163,"url":"https:\/\/afabaix.org\/wp-content\/uploads\/2026\/08\/WhatsApp-Image-2026-08-31-at-08.23.56-768x960.jpeg"},"exponent-blog-image":{"width":1080,"height":700,"mime-type":"image\/jpeg","filesize":101838,"url":"https:\/\/afabaix.org\/wp-content\/uploads\/2026\/08\/WhatsApp-Image-2026-08-31-at-08.23.56-1080x700.jpeg"},"exponent-carousel-thumb":{"width":40,"height":50,"mime-type":"image\/jpeg","filesize":1641,"url":"https:\/\/afabaix.org\/wp-content\/uploads\/2026\/08\/WhatsApp-Image-2026-08-31-at-08.23.56-40x50.jpeg"},"gallery":{"width":650,"height":385,"mime-type":"image\/jpeg","filesize":43544,"url":"https:\/\/afabaix.org\/wp-content\/uploads\/2026\/08\/WhatsApp-Image-2026-08-31-at-08.23.56-650x385.jpeg"},"gallery-masonry":{"width":650,"height":813,"mime-type":"image\/jpeg","filesize":90267,"url":"https:\/\/afabaix.org\/wp-content\/uploads\/2026\/08\/WhatsApp-Image-2026-08-31-at-08.23.56-650x813.jpeg"},"2col-gallery":{"width":1000,"height":592,"mime-type":"image\/jpeg","filesize":78543,"url":"https:\/\/afabaix.org\/wp-content\/uploads\/2026\/08\/WhatsApp-Image-2026-08-31-at-08.23.56-1000x592.jpeg"},"2col-gallery-masonry":{"width":1000,"height":1250,"mime-type":"image\/jpeg","filesize":164982,"url":"https:\/\/afabaix.org\/wp-content\/uploads\/2026\/08\/WhatsApp-Image-2026-08-31-at-08.23.56-1000x1250.jpeg"},"3col-gallery-wide-width-height":{"width":1080,"height":766,"mime-type":"image\/jpeg","filesize":113917,"url":"https:\/\/afabaix.org\/wp-content\/uploads\/2026\/08\/WhatsApp-Image-2026-08-31-at-08.23.56-1080x766.jpeg"},"3col-gallery-wide-width":{"width":1080,"height":350,"mime-type":"image\/jpeg","filesize":43758,"url":"https:\/\/afabaix.org\/wp-content\/uploads\/2026\/08\/WhatsApp-Image-2026-08-31-at-08.23.56-1080x350.jpeg"},"3col-gallery-wide-height":{"width":650,"height":770,"mime-type":"image\/jpeg","filesize":86908,"url":"https:\/\/afabaix.org\/wp-content\/uploads\/2026\/08\/WhatsApp-Image-2026-08-31-at-08.23.56-650x770.jpeg"},"tatsu_lazyload_thumb":{"width":50,"height":63,"mime-type":"image\/jpeg","filesize":2016,"url":"https:\/\/afabaix.org\/wp-content\/uploads\/2026\/08\/WhatsApp-Image-2026-08-31-at-08.23.56-50x63.jpeg"}}},"all_day":true,"start_date":"2026-09-14 00:00:00","start_date_details":{"year":"2026","month":"09","day":"14","hour":"00","minutes":"00","seconds":"00"},"end_date":"2026-11-02 23:59:59","end_date_details":{"year":"2026","month":"11","day":"02","hour":"23","minutes":"59","seconds":"59"},"utc_start_date":"2026-09-14 00:00:00","utc_start_date_details":{"year":"2026","month":"09","day":"14","hour":"00","minutes":"00","seconds":"00"},"utc_end_date":"2026-11-02 23:59:59","utc_end_date_details":{"year":"2026","month":"11","day":"02","hour":"23","minutes":"59","seconds":"59"},"timezone":"UTC+0","timezone_abbr":"UTC+0","cost":"","cost_details":{"currency_symbol":"\u20ac","currency_code":"USD","currency_position":"prefix","values":[]},"website":"","show_map":false,"show_map_link":false,"hide_from_listings":false,"sticky":true,"featured":true,"categories":[],"tags":[],"venue":{"id":30163,"author":"9","status":"publish","date":"2026-08-31 11:17:53","date_utc":"0000-00-00 00:00:00","modified":"2026-08-31 11:17:53","modified_utc":"0000-00-00 00:00:00","url":"https:\/\/afabaix.org\/recinto\/el-baix-llobregat\/","venue":"El Baix Llobregat","slug":"el-baix-llobregat","json_ld":{"@type":"Place","name":"El Baix Llobregat","description":"","url":"","address":{"@type":"PostalAddress"},"telephone":"","sameAs":""},"show_map":true,"show_map_link":true,"global_id":"afabaix.org\/es\/?id=30163","global_id_lineage":["afabaix.org\/es\/?id=30163"]},"organizer":[{"id":24042,"author":"2","status":"publish","date":"2022-03-28 13:56:58","date_utc":"2022-03-28 13:56:58","modified":"2022-03-28 13:56:58","modified_utc":"2022-03-28 13:56:58","url":"https:\/\/afabaix.org\/organizador\/afa-baix-llobregat\/","organizer":"Afa Baix Llobregat","slug":"afa-baix-llobregat","json_ld":{"@type":"Person","name":"Afa Baix Llobregat","description":"","url":"","telephone":"","email":"","sameAs":""},"global_id":"afabaix.org\/es\/?id=24042","global_id_lineage":["afabaix.org\/es\/?id=24042"]}],"custom_fields":[],"json_ld":{"@context":"http:\/\/schema.org","@type":"Event","name":"D\u00eda Mundial del Alzheimer 2026: #EncaraHiSom \u2013 #Todav\u00edaEstamos","description":"&lt;p&gt;Ya estamos a las puertas del 21 de septiembre, D&iacute;a Mundial del Alzheimer, una jornada dedicada a dar visibilidad a la enfermedad, sensibilizar a la sociedad y poner en valor&lt;\/p&gt;\\n","image":"https:\/\/afabaix.org\/wp-content\/uploads\/2026\/08\/WhatsApp-Image-2026-08-31-at-08.23.56.jpeg","url":"https:\/\/afabaix.org\/es\/acte\/dia-mundial-del-alzheimer-2026-encarahisom-todaviaestamos\/","eventAttendanceMode":"https:\/\/schema.org\/OfflineEventAttendanceMode","eventStatus":"https:\/\/schema.org\/EventScheduled","startDate":"2026-09-14T00:00:00+00:00","endDate":"2026-11-02T23:59:59+00:00","location":{"@type":"Place","name":"El Baix Llobregat","description":"","url":"","address":{"@type":"PostalAddress"},"telephone":"","sameAs":""},"organizer":{"@type":"Person","name":"Afa Baix Llobregat","description":"","url":"","telephone":"","email":"","sameAs":""},"performer":"Organization"}}