
{"id":15870,"date":"2013-09-17T17:32:29","date_gmt":"2013-09-17T17:32:29","guid":{"rendered":"https:\/\/lacuinade.timit2003.com\/afabaix2\/noticia\/empiezan-los-actos-conmemorativos-del-dia-mundial-del-alzheimer-2013\/"},"modified":"2021-06-25T14:47:09","modified_gmt":"2021-06-25T14:47:09","slug":"empiezan-los-actos-conmemorativos-del-dia-mundial-del-alzheimer-2013","status":"publish","type":"post","link":"https:\/\/afabaix.org\/es\/empiezan-los-actos-conmemorativos-del-dia-mundial-del-alzheimer-2013\/","title":{"rendered":"Empiezan los actos conmemorativos del D\u00eda Mundial del Alzheimer 2013."},"content":{"rendered":"<p>Como cada a\u00f1o, el pr\u00f3ximo 21 de septiembre conmemoramos el D\u00eda Mundial del Alzheimer en la comarca del Baix Llobregat. Hemos programado una serie de actos con un doble objetivo. Por un lado sensibilizar a la sociedad sobre las caracter\u00edsticas de esta patolog\u00eda y de c\u00f3mo afecta a los enfermos, sus familias y las personas que los cuidan. Y por otra, reivindicar los recursos y ayudas para encontrar soluciones que les permita disfrutar de la atenci\u00f3n que necesitan. Por todo ello queremos que sea una jornada reivindicativa.<\/p>\n<p>Hoy, el Alzheimer es un problema sociosanitario de primera magnitud, que afecta a m\u00e1s de 3&#8217;5 millones de personas en Espa\u00f1a (entre enfermos y familiares), que debe ser abordado dando apoyo no s\u00f3lo a los enfermos sino a los que cuidan , que necesitan soluciones y ayudas que en este momento de crisis no deber\u00edan verse recortadas ni disminuidas, dado que es un colectivo con un elevado grado de dependencia y que requiere atenci\u00f3n las 24 horas del d\u00eda.<\/p>\n<p><span style=\"line-height: 1.538em;\">Nuestro lema para este a\u00f1o es \u00abNunca estar\u00e1s solo\u00bb y deseamos que no s\u00f3lo se quede en un eslogan, sino que suponga tambi\u00e9n la implicaci\u00f3n de todos vosotros, familiares y amigos, pues como sabemos, la uni\u00f3n hace la fuerza y nuestros enfermos necesitan de todos, para tener una voz que haga valer sus derechos, ya que ellos no pueden defenderse por s\u00ed mismos.<\/span><\/p>\n<p><span style=\"line-height: 1.538em;\">Queremos agradeceros vuestra colaboraci\u00f3n y la de todas las administraciones, entidades y voluntarios que hacen posible poder continuar nuestra labor y poder mantener nuestros servicios en beneficio de los afectados por la demencia. Para participar como voluntarios en las mesas informativas o cualquier otra actividad programada, dir\u00edjase a sus delegadas o delegados.<\/span><\/p>\n<p><span style=\"line-height: 1.538em;\">Gracias por colaborar un a\u00f1o m\u00e1s y compartir nuestras inquietudes y deseos.<\/span><\/p>\n<p><em><strong>M\u00aa Rosa Giner Qui\u00f1onero<\/strong><\/em><\/p>\n<p><em style=\"line-height: 1.538em;\"><strong>Presidenta<\/strong><\/em><\/p>\n","protected":false},"excerpt":{"rendered":"<p>Como cada a&ntilde;o, el pr&oacute;ximo 21 de septiembre conmemoramos el D&iacute;a Mundial del Alzheimer en la comarca del Baix Llobregat. Hemos programado una serie de actos con un doble objetivo.<\/p>\n<div><a href=\"https:\/\/afabaix.org\/es\/empiezan-los-actos-conmemorativos-del-dia-mundial-del-alzheimer-2013\/\" class=\"exp-read-more exp-read-more-underlined\">Read More<\/a><\/div>\n","protected":false},"author":2,"featured_media":15866,"comment_status":"closed","ping_status":"closed","sticky":false,"template":"","format":"standard","meta":{"footnotes":""},"categories":[],"tags":[],"class_list":["post-15870","post","type-post","status-publish","format-standard","has-post-thumbnail","hentry"],"_links":{"self":[{"href":"https:\/\/afabaix.org\/es\/wp-json\/wp\/v2\/posts\/15870","targetHints":{"allow":["GET"]}}],"collection":[{"href":"https:\/\/afabaix.org\/es\/wp-json\/wp\/v2\/posts"}],"about":[{"href":"https:\/\/afabaix.org\/es\/wp-json\/wp\/v2\/types\/post"}],"author":[{"embeddable":true,"href":"https:\/\/afabaix.org\/es\/wp-json\/wp\/v2\/users\/2"}],"replies":[{"embeddable":true,"href":"https:\/\/afabaix.org\/es\/wp-json\/wp\/v2\/comments?post=15870"}],"version-history":[{"count":1,"href":"https:\/\/afabaix.org\/es\/wp-json\/wp\/v2\/posts\/15870\/revisions"}],"predecessor-version":[{"id":22057,"href":"https:\/\/afabaix.org\/es\/wp-json\/wp\/v2\/posts\/15870\/revisions\/22057"}],"wp:featuredmedia":[{"embeddable":true,"href":"https:\/\/afabaix.org\/es\/wp-json\/wp\/v2\/media\/15866"}],"wp:attachment":[{"href":"https:\/\/afabaix.org\/es\/wp-json\/wp\/v2\/media?parent=15870"}],"wp:term":[{"taxonomy":"category","embeddable":true,"href":"https:\/\/afabaix.org\/es\/wp-json\/wp\/v2\/categories?post=15870"},{"taxonomy":"post_tag","embeddable":true,"href":"https:\/\/afabaix.org\/es\/wp-json\/wp\/v2\/tags?post=15870"}],"curies":[{"name":"wp","href":"https:\/\/api.w.org\/{rel}","templated":true}]}}