
{"id":15888,"date":"2013-12-05T16:33:15","date_gmt":"2013-12-05T16:33:15","guid":{"rendered":"https:\/\/lacuinade.timit2003.com\/afabaix2\/noticia\/la-danza-pratense-se-solidariza-un-ano-mas-con-los-afectados-por-la-enfermedad-de-alzheimer\/"},"modified":"2021-06-25T14:47:08","modified_gmt":"2021-06-25T14:47:08","slug":"la-danza-pratense-se-solidariza-un-ano-mas-con-los-afectados-por-la-enfermedad-de-alzheimer","status":"publish","type":"post","link":"https:\/\/afabaix.org\/es\/la-danza-pratense-se-solidariza-un-ano-mas-con-los-afectados-por-la-enfermedad-de-alzheimer\/","title":{"rendered":"La danza pratense se solidariza un a\u00f1o m\u00e1s con los afectados por la enfermedad de Alzheimer."},"content":{"rendered":"<p>El pasado d\u00eda 10 de noviembre , celebramos en el Teatro Modern del Prat otro de los actos que ya podr\u00edamos catalogar como tradicionales en nuestra Asociaci\u00f3n : el festival de bailes que en esta ocasi\u00f3n hemos bautizado como FESTIB@LL. Y es que este a\u00f1o hemos realizado la decimoquinta edici\u00f3n de este espect\u00e1culo, que re\u00fane diferentes grupos de diversas especialidades, edades y niveles, en beneficio de los afectados por la enfermedad de Alzheimer en esta ciudad. Este a\u00f1o, adem\u00e1s de disfrutar con los bailes , tambi\u00e9n pudimos hacerlo con el reci\u00e9n remodelado teatro, en el que la platea y el exterior han sido mejorados.<\/p>\n<p><span style=\"line-height: 1.538em;\">En esta edici\u00f3n contamos con la participaci\u00f3n de catorce grupos, que nos deleitaron con estilos tan diferentes como la sardana, el tango, el flamenco, el hip- hop, el vals, o la danza \u00e8tnica. Todos ellos llevaron a cabo su performance a un gran nivel , provocando sonoros aplausos del numeroso p\u00fablico asistente, entre el que se encontraba el alcalde de El Prat, Sr . Llu\u00eds Tejedor, y varios concejales que, como siempre , apoyaron a nuestra Asociaci\u00f3n . La organizaci\u00f3n del acto bajo la direcci\u00f3n de Merc\u00e8 Rull, y la colaboraci\u00f3n , como simp\u00e1ticos presentadores, de los alumnos de la escuela ETC de El Prat hicieron que el espect\u00e1culo se desarrollara con fluidez y ligereza, facilitando que las dos horas escasas que dur\u00f3 el FESTIB@LL, pasaran volando. Si desea, puede ver una muestra de las fotograf\u00edas del acto en el enlace que encontrar\u00e1 en esta p\u00e1gina .<\/span><\/p>\n<p><span style=\"line-height: 1.538em;\">Queremos reiterar nuestro m\u00e1s sincero agradecimiento a todos los grupos participantes- el nombre de los cuales puede encontrar en el programa del acto adjunto en esta cr\u00f3nica &#8211; as\u00ed como a todo el p\u00fablico asistente: sin vosotros nuestro trabajo ser\u00eda mucho m\u00e1s dif\u00edcil. De todo coraz\u00f3n , gracias a todos y hasta el a\u00f1o que viene .<\/span><\/p>\n<p>&nbsp;<\/p>\n","protected":false},"excerpt":{"rendered":"<p>El pasado d&iacute;a 10 de noviembre , celebramos en el Teatro Modern del Prat otro de los actos que ya podr&iacute;amos catalogar como tradicionales en nuestra Asociaci&oacute;n : el festival<\/p>\n<div><a href=\"https:\/\/afabaix.org\/es\/la-danza-pratense-se-solidariza-un-ano-mas-con-los-afectados-por-la-enfermedad-de-alzheimer\/\" class=\"exp-read-more exp-read-more-underlined\">Read More<\/a><\/div>\n","protected":false},"author":2,"featured_media":15884,"comment_status":"closed","ping_status":"closed","sticky":false,"template":"","format":"standard","meta":{"footnotes":""},"categories":[],"tags":[],"class_list":["post-15888","post","type-post","status-publish","format-standard","has-post-thumbnail","hentry"],"_links":{"self":[{"href":"https:\/\/afabaix.org\/es\/wp-json\/wp\/v2\/posts\/15888","targetHints":{"allow":["GET"]}}],"collection":[{"href":"https:\/\/afabaix.org\/es\/wp-json\/wp\/v2\/posts"}],"about":[{"href":"https:\/\/afabaix.org\/es\/wp-json\/wp\/v2\/types\/post"}],"author":[{"embeddable":true,"href":"https:\/\/afabaix.org\/es\/wp-json\/wp\/v2\/users\/2"}],"replies":[{"embeddable":true,"href":"https:\/\/afabaix.org\/es\/wp-json\/wp\/v2\/comments?post=15888"}],"version-history":[{"count":1,"href":"https:\/\/afabaix.org\/es\/wp-json\/wp\/v2\/posts\/15888\/revisions"}],"predecessor-version":[{"id":22049,"href":"https:\/\/afabaix.org\/es\/wp-json\/wp\/v2\/posts\/15888\/revisions\/22049"}],"wp:featuredmedia":[{"embeddable":true,"href":"https:\/\/afabaix.org\/es\/wp-json\/wp\/v2\/media\/15884"}],"wp:attachment":[{"href":"https:\/\/afabaix.org\/es\/wp-json\/wp\/v2\/media?parent=15888"}],"wp:term":[{"taxonomy":"category","embeddable":true,"href":"https:\/\/afabaix.org\/es\/wp-json\/wp\/v2\/categories?post=15888"},{"taxonomy":"post_tag","embeddable":true,"href":"https:\/\/afabaix.org\/es\/wp-json\/wp\/v2\/tags?post=15888"}],"curies":[{"name":"wp","href":"https:\/\/api.w.org\/{rel}","templated":true}]}}