
{"id":15973,"date":"2014-04-07T17:43:27","date_gmt":"2014-04-07T17:43:27","guid":{"rendered":"https:\/\/lacuinade.timit2003.com\/afabaix2\/noticia\/desde-ceafa-y-con-la-colaboracion-de-sanitas-hemos-redactado-el-primer-decalogo-mundial-de\/"},"modified":"2021-06-25T14:47:06","modified_gmt":"2021-06-25T14:47:06","slug":"desde-ceafa-y-con-la-colaboracion-de-sanitas-hemos-redactado-el-primer-decalogo-mundial-de","status":"publish","type":"post","link":"https:\/\/afabaix.org\/es\/desde-ceafa-y-con-la-colaboracion-de-sanitas-hemos-redactado-el-primer-decalogo-mundial-de\/","title":{"rendered":"Desde CEAFA, y con la colaboraci\u00f3n de Sanitas, hemos redactado el primer dec\u00e1logo mundial de la demencia."},"content":{"rendered":"<p style=\"text-align: justify;\">&nbsp;<\/p>\n<p style=\"text-align: justify;\"><strong><span style=\"text-decoration: underline;\">Pr\u00f3log<\/span><\/strong><\/p>\n<p style=\"text-align: justify;\">La demencia es uno de los problemas de salud p\u00fablica m\u00e1s grandes a los que se enfrenta nuestra sociedad a escala mundial. Actualmente afecta a m\u00e1s de 35 millones de personas en todo el mundo y se espera que esta cifra se duplique antes de 2030, y , incluso, se triplique en 2015 hasta alcanzar 115 millones de personas afectadas. En Espa\u00f1a la incidencia de la enfermedad supera los 800.000 casos , cifra que se eleva a 3,5 millones si se tiene en cuenta a los familiares cuidadores , que tambi\u00e9n se ven afectados por la enfermedad de Alzheimer.<\/p>\n<p style=\"text-align: justify;\"><span style=\"line-height: 1.538em;\">Creemos que el Alzheimer y las otras demencias deben convertirse en una prioridad de salud p\u00fablica de orden nacional e internacional con el objetivo de que los pa\u00edses dispongan de sistemas adecuados de asistencia y apoyo para el cuidado de las personas que las sufren, tanto ahora como en el futuro .<\/span><\/p>\n<p style=\"text-align: justify;\"><span style=\"line-height: 1.538em;\">La demencia es una enfermedad degenerativa que no tiene cura. La p\u00e9rdida de memoria, la dificultad para comunicarse y los cambios de humor son algunos de sus s\u00edntomas y empeoran con el paso del tiempo. Vivir con demencia resulta angustiante para la persona que la padece e impacta de manera directa tambi\u00e9n a sus seres queridos .<\/span><\/p>\n<p style=\"text-align: justify;\"><span style=\"line-height: 1.538em;\">Las personas que padecen demencia pueden seguir disfrutando de una buena calidad de vida a la mayor\u00eda de las fases de la enfermedad, siempre que cuenten con los cuidados y el apoyo adecuados.<\/span><\/p>\n<p style=\"text-align: justify;\"><span style=\"line-height: 1.538em;\">Bupa , compa\u00f1\u00eda a la que pertenece Sanitas, es el mayor proveedor internacional de asistencia sociosanitaria especializada en demencia y ADI ( Alzheimer Disease International ) es la \u00fanica federaci\u00f3n internacional de asociaciones de Alzheimer a nivel mundial ) . Estas dos organizaciones se han unido para convertirse en un portavoz global de las personas afectadas por esta enfermedad . En Espa\u00f1a , Sanitas y CEAFA ( Confederaci\u00f3n Espa\u00f1ola de Asociaciones de Familiares de Personas con Alzheimer y otras Demencias ), nos comprometemos a desempe\u00f1ar ese papel a nivel nacional. Queremos revolucionar la asistencia sociosanitaria y luchar por que las personas con demencia vivan bien y para que sus familiares tengan todo el apoyo que necesitan.<\/span><\/p>\n<p style=\"text-align: justify;\"><span style=\"line-height: 1.538em;\">Por eso hemos unido esfuerzos para elaborar el primer esbozo de lo que , en nuestra opini\u00f3n, son los derechos que las personas con demencia en todo el mundo deben tener. Nuestro Dec\u00e1logo Mundial sobre la Demencia ha sido confeccionado pensando en las personas que padecen esta enfermedad .<\/span><\/p>\n<p style=\"text-align: justify;\"><span style=\"line-height: 1.538em;\">Todos podemos y debemos aportar nuestro granito de arena. Nuestro Dec\u00e1logo est\u00e1 respaldado por una serie de acciones y responsabilidades que explican a grandes rasgos lo que familiares, amigos, cuidadores, profesionales sociales y sanitarios, prescriptores o compradores de asistencia sociosanitaria, la sociedad y los gobiernos pueden hacer para mejorar el cuidado y el apoyo en cada pa\u00eds.<\/span><\/p>\n<p style=\"text-align: justify;\"><span style=\"line-height: 1.538em;\">Velamos para dar forma a una asistencia global para la demencia y conseguir que las personas que padecen esta enfermedad vivan mejor el mayor tiempo posible.<\/span><\/p>\n<p style=\"text-align: justify;\"><span style=\"line-height: 1.538em;\">Esta es nuestra visi\u00f3n y nuestro objetivo .<\/span><\/p>\n<p style=\"text-align: justify;\">&nbsp;<\/p>\n<p><em><span style=\"line-height: 1.538em;\">Firmado: Koldo Aulestia, presidente de CEAFA &nbsp;y Dom\u00e8nec Crosas, director general de Sanitas Residencial.<\/span><\/em><\/p>\n<p>&nbsp;<\/p>\n<p><span style=\"text-decoration: underline;\"><strong><span style=\"line-height: 1.538em;\">Dec\u00e1logo de la demencia<\/span><\/strong><\/span><\/p>\n<p><strong>1. Debo tener acceso a un m\u00e9dico para comprobar si padezco Demencia.<\/strong><\/p>\n<p><strong>2. Debo tener acceso a informaci\u00f3n sobre la demencia para saber c\u00f3mo me va a afectar.<\/strong><\/p>\n<p><strong>3. Debo recibir ayuda para vivir de forma independiente durante todo el tiempo que pueda.<\/strong><\/p>\n<p><strong>4. Debo tener derecho a opinar sobre los cuidados y el apoyo que recibo.<\/strong><\/p>\n<p><strong>5. Debo tener acceso a cuidados de alta calidad que sean adecuados para m\u00ed.<\/strong><\/p>\n<p><strong>6. Debo ser tratado como una persona, y las personas que me cuidan deben conocerme.<\/strong><\/p>\n<p><strong>7. Debo ser respetado por lo que soy.<\/strong><\/p>\n<p><strong>8. Debo tener acceso a los medicamentos y tratamientos que me ayuden.<\/strong><\/p>\n<p><strong>9. Debo poder decidir sobre mis \u00faltimas voluntades mientras todav\u00eda pueda tomar decisiones.<\/strong><\/p>\n<p><strong>10. Quiero que mis familiares y mis amigos tengan un grato recuerdo de m\u00ed.<\/strong><\/p>\n<p><strong>&nbsp;<\/strong><\/p>\n","protected":false},"excerpt":{"rendered":"<p>&nbsp; Pr&oacute;log La demencia es uno de los problemas de salud p&uacute;blica m&aacute;s grandes a los que se enfrenta nuestra sociedad a escala mundial. Actualmente afecta a m&aacute;s de 35<\/p>\n<div><a href=\"https:\/\/afabaix.org\/es\/desde-ceafa-y-con-la-colaboracion-de-sanitas-hemos-redactado-el-primer-decalogo-mundial-de\/\" class=\"exp-read-more exp-read-more-underlined\">Read More<\/a><\/div>\n","protected":false},"author":2,"featured_media":15971,"comment_status":"closed","ping_status":"closed","sticky":false,"template":"","format":"standard","meta":{"footnotes":""},"categories":[],"tags":[],"class_list":["post-15973","post","type-post","status-publish","format-standard","has-post-thumbnail","hentry"],"_links":{"self":[{"href":"https:\/\/afabaix.org\/es\/wp-json\/wp\/v2\/posts\/15973","targetHints":{"allow":["GET"]}}],"collection":[{"href":"https:\/\/afabaix.org\/es\/wp-json\/wp\/v2\/posts"}],"about":[{"href":"https:\/\/afabaix.org\/es\/wp-json\/wp\/v2\/types\/post"}],"author":[{"embeddable":true,"href":"https:\/\/afabaix.org\/es\/wp-json\/wp\/v2\/users\/2"}],"replies":[{"embeddable":true,"href":"https:\/\/afabaix.org\/es\/wp-json\/wp\/v2\/comments?post=15973"}],"version-history":[{"count":1,"href":"https:\/\/afabaix.org\/es\/wp-json\/wp\/v2\/posts\/15973\/revisions"}],"predecessor-version":[{"id":22007,"href":"https:\/\/afabaix.org\/es\/wp-json\/wp\/v2\/posts\/15973\/revisions\/22007"}],"wp:featuredmedia":[{"embeddable":true,"href":"https:\/\/afabaix.org\/es\/wp-json\/wp\/v2\/media\/15971"}],"wp:attachment":[{"href":"https:\/\/afabaix.org\/es\/wp-json\/wp\/v2\/media?parent=15973"}],"wp:term":[{"taxonomy":"category","embeddable":true,"href":"https:\/\/afabaix.org\/es\/wp-json\/wp\/v2\/categories?post=15973"},{"taxonomy":"post_tag","embeddable":true,"href":"https:\/\/afabaix.org\/es\/wp-json\/wp\/v2\/tags?post=15973"}],"curies":[{"name":"wp","href":"https:\/\/api.w.org\/{rel}","templated":true}]}}