
{"id":16011,"date":"2014-05-21T16:57:55","date_gmt":"2014-05-21T16:57:55","guid":{"rendered":"https:\/\/lacuinade.timit2003.com\/afabaix2\/noticia\/la-xiiia-edicion-de-la-memoria-esta-de-moda-punto-para-el-proximo-1-de-junio\/"},"modified":"2021-06-25T14:47:06","modified_gmt":"2021-06-25T14:47:06","slug":"la-xiiia-edicion-de-la-memoria-esta-de-moda-punto-para-el-proximo-1-de-junio","status":"publish","type":"post","link":"https:\/\/afabaix.org\/es\/la-xiiia-edicion-de-la-memoria-esta-de-moda-punto-para-el-proximo-1-de-junio\/","title":{"rendered":"La XIIIa edici\u00f3n de \u00abLa Memoria est\u00e1 de Moda\u00bb, a punto para el pr\u00f3ximo 1 de junio."},"content":{"rendered":"<p>&nbsp;<span style=\"line-height: 1.538em;\">&nbsp;<\/span><img loading=\"lazy\" decoding=\"async\" src=\"\/sites\/default\/files\/media\/imatges\/events\/poster_definitiu_moda2014.jpg\" alt=\"Cartell de &quot;LA mem\u00f2ria est\u00e0 de moda 2014&quot;\" title=\"Cartell de &quot;LA mem\u00f2ria est\u00e0 de moda 2014&quot;\" width=\"424\" height=\"600\" style=\"vertical-align: middle; margin-left: 125px; margin-right: 125px;\" \/><\/p>\n<p style=\"text-align: justify;\">Ya tenemos aqu\u00ed la XIII edici\u00f3n del desfile \u00bb La memoria est\u00e1 de moda \u00bb en el Prat de Llobregat. La desfilada solidaria con los enfermos de Alzheimer tendr\u00e1 lugar este pr\u00f3ximo 6 de junio a las 18:30h, en el Teatro Modern de esta ciudad, y consistir\u00e1 en una nueva muestra de las tendencias de moda que las principales marcas , facilitadas por los comercios del Prat , nos deparan para la temporada Primavera -Verano 2014.<\/p>\n<p style=\"text-align: justify;\">Nuestra voluntad es, como cada a\u00f1o, hacer una pasarela popular, con la colaboraci\u00f3n de las empresas y comercios del municipio, a quienes ofrecemos tambi\u00e9n una nueva oportunidad de promoci\u00f3n y publicidad en estos tiempos dif\u00edciles. La recaudaci\u00f3n de este acto ir\u00e1 destinada al mantenimiento del \u00abCentro ALOIS I de Estimulaci\u00f3n Global y Descarga Familiar para enfermos de Alzheimer \u00bb del Prat, que constituye un importante recurso para las familias afectadas por la enfermedad de Alzeimer .<\/p>\n<p style=\"text-align: justify;\"><span style=\"line-height: 1.538em;\">Igual que las ediciones anteriores estaban inspiradas en una tem\u00e1tica alrededor de la cual gira el desfile, dando juego y ambient\u00e1ndolo, este a\u00f1o el leimotiv ser\u00e1 el circo. As\u00ed pues, podremos disfrutar de toda una decoraci\u00f3n relacionada con este arte: payasos , acr\u00f3batas y referencias circenses varias, adem\u00e1s de los peque\u00f1os espect\u00e1culos que diversifican y enriquecen el show. Los modelos, como en todas las anteriores ediciones, ser\u00e1n representantes de la ciudadan\u00eda que colaborar\u00e1n de forma desinteresada nos este acto.<\/span><\/p>\n<p style=\"text-align: justify;\"><span style=\"line-height: 1.538em;\">Las entradas se pueden comprar en nuestro despacho ( calle Eusebi Soler n\u00ba 1, 1\u00ba 1\u00aa ), a trav\u00e9s del tel\u00e9fono 93.379.00.22, en el C\u00e8ntric, en el servicio Telentrades de CatalunyaCaixa , y en las taquillas del Teatro Moderno dos horas antes de comenzar el espect\u00e1culo. El precio es de 12 \u20ac, 10 \u20ac para usuarios del carn\u00e9 joven y jubilados.<\/span><\/p>\n<p style=\"text-align: center;\"><span style=\"line-height: 1.538em;\">No os lo pod\u00e9is perder! Os esperamos!<\/span><\/p>\n<p style=\"text-align: justify;\">&nbsp;<\/p>\n<p style=\"text-align: justify;\"><span style=\"line-height: 1.538em;\">&nbsp; &nbsp; &nbsp; &nbsp; &nbsp; &nbsp; &nbsp; &nbsp; &nbsp; &nbsp; &nbsp; &nbsp; &nbsp; &nbsp; &nbsp; &nbsp; &nbsp; &nbsp; &nbsp; &nbsp; &nbsp; &nbsp; &nbsp; &nbsp; &nbsp; &nbsp; &nbsp; &nbsp; &nbsp; &nbsp; &nbsp; &nbsp; &nbsp; &nbsp; &nbsp; &nbsp; &nbsp; &nbsp; &nbsp; &nbsp; &nbsp; &nbsp; &nbsp; &nbsp; &nbsp; &nbsp; &nbsp; &nbsp; &nbsp; &nbsp; &nbsp; &nbsp;&nbsp;<\/span><\/p>\n","protected":false},"excerpt":{"rendered":"<p>&nbsp;&nbsp; Ya tenemos aqu&iacute; la XIII edici&oacute;n del desfile &raquo; La memoria est&aacute; de moda &raquo; en el Prat de Llobregat. La desfilada solidaria con los enfermos de Alzheimer tendr&aacute;<\/p>\n<div><a href=\"https:\/\/afabaix.org\/es\/la-xiiia-edicion-de-la-memoria-esta-de-moda-punto-para-el-proximo-1-de-junio\/\" class=\"exp-read-more exp-read-more-underlined\">Read More<\/a><\/div>\n","protected":false},"author":2,"featured_media":1311,"comment_status":"closed","ping_status":"closed","sticky":false,"template":"","format":"standard","meta":{"footnotes":""},"categories":[],"tags":[],"class_list":["post-16011","post","type-post","status-publish","format-standard","has-post-thumbnail","hentry"],"_links":{"self":[{"href":"https:\/\/afabaix.org\/es\/wp-json\/wp\/v2\/posts\/16011","targetHints":{"allow":["GET"]}}],"collection":[{"href":"https:\/\/afabaix.org\/es\/wp-json\/wp\/v2\/posts"}],"about":[{"href":"https:\/\/afabaix.org\/es\/wp-json\/wp\/v2\/types\/post"}],"author":[{"embeddable":true,"href":"https:\/\/afabaix.org\/es\/wp-json\/wp\/v2\/users\/2"}],"replies":[{"embeddable":true,"href":"https:\/\/afabaix.org\/es\/wp-json\/wp\/v2\/comments?post=16011"}],"version-history":[{"count":1,"href":"https:\/\/afabaix.org\/es\/wp-json\/wp\/v2\/posts\/16011\/revisions"}],"predecessor-version":[{"id":21988,"href":"https:\/\/afabaix.org\/es\/wp-json\/wp\/v2\/posts\/16011\/revisions\/21988"}],"wp:featuredmedia":[{"embeddable":true,"href":"https:\/\/afabaix.org\/es\/wp-json\/wp\/v2\/media\/1311"}],"wp:attachment":[{"href":"https:\/\/afabaix.org\/es\/wp-json\/wp\/v2\/media?parent=16011"}],"wp:term":[{"taxonomy":"category","embeddable":true,"href":"https:\/\/afabaix.org\/es\/wp-json\/wp\/v2\/categories?post=16011"},{"taxonomy":"post_tag","embeddable":true,"href":"https:\/\/afabaix.org\/es\/wp-json\/wp\/v2\/tags?post=16011"}],"curies":[{"name":"wp","href":"https:\/\/api.w.org\/{rel}","templated":true}]}}