
{"id":16013,"date":"2014-06-10T14:54:43","date_gmt":"2014-06-10T14:54:43","guid":{"rendered":"https:\/\/lacuinade.timit2003.com\/afabaix2\/noticia\/ampliado-el-territorio-de-la-prueba-piloto-de-la-tarjeta-sanitaria-integral-cuidam\/"},"modified":"2021-06-25T14:47:05","modified_gmt":"2021-06-25T14:47:05","slug":"ampliado-el-territorio-de-la-prueba-piloto-de-la-tarjeta-sanitaria-integral-cuidam","status":"publish","type":"post","link":"https:\/\/afabaix.org\/es\/ampliado-el-territorio-de-la-prueba-piloto-de-la-tarjeta-sanitaria-integral-cuidam\/","title":{"rendered":"Ampliado el territorio de la prueba piloto de la Tarjeta Sanitaria Integral \u00abCuida&#8217;m\u00bb."},"content":{"rendered":"<p>&nbsp; &nbsp; &nbsp; &nbsp; &nbsp; &nbsp; &nbsp; &nbsp; &nbsp; &nbsp; &nbsp; &nbsp; &nbsp; &nbsp; &nbsp; &nbsp; &nbsp; &nbsp; &nbsp; &nbsp;<img loading=\"lazy\" decoding=\"async\" src=\"\/sites\/default\/files\/media\/noticies\/imatges\/227cuidatargetacuidam.jpg\" width=\"300\" height=\"190\" \/><\/p>\n<p>&nbsp;<\/p>\n<p style=\"text-align: justify;\">El CatSalut inici\u00f3 en diciembre de 2012 la prueba piloto de la TSI Cuida&#8217;m a algunos centros de la provincia de Barcelona. Esta tarjeta sanitaria individual permitir\u00e1 identificar aquellas personas que, por su estado de salud o por sus caracter\u00edsticas espec\u00edficas, necesitan una atenci\u00f3n diferenciada en su relaci\u00f3n con los profesionales y los servicios sanitarios.<\/p>\n<p style=\"text-align: justify;\"><span style=\"line-height: 1.538em;\">Durante esta prueba piloto son los m\u00e9dicos de estos centros los que hacen la solicitud de la TSI Cu\u00eddame para aquellas personas con demencia (con un nivel de afectaci\u00f3n cognitivo moderado), discapacidad intelectual grave y profunda, discapacidad intelectual leve o moderada con trastornos de conducta, trastornos del espectro autista y\/o da\u00f1o cerebral. La solicitud se hace a propuesta del m\u00e9dico, si considera que la persona debe disponer de la TSI Cu\u00eddame, o bien a petici\u00f3n de la persona que ser\u00e1 titular o de su representante (familiar o tutor). Una vez aceptada la solicitud, el titular recibir\u00e1 la tarjeta en su domicilio.<\/span><\/p>\n<p style=\"text-align: justify;\"><span style=\"line-height: 1.538em;\">El objetivo de la TSI Cuida&#8217;m es permitir una atenci\u00f3n m\u00e1s adaptada a las necesidades de estas personas, facilitar su relaci\u00f3n con los profesionales y el acompa\u00f1amiento por parte de sus familiares o cuidadores, siempre que lo permita la situaci\u00f3n cl\u00ednica.<\/span><\/p>\n<p style=\"text-align: justify;\"><span style=\"line-height: 1.538em;\">Desde el inicio de la prueba piloto en diciembre de 2012 se han ido incorporando otros centros y territorios. A partir de este pasado 1 de junio de 2014 se ha ampliado el territorio de la prueba piloto, as\u00ed pues, a estas alturas ya se lleva a cabo en todo el territorio de las regiones sanitarias Girona y Catalunya Central, y se ha ampliado el de la Regi\u00f3n Sanitaria Barcelona. Tambi\u00e9n, y en todos los centros de esta zona, ya se puede hacer la solicitud para todos los diagn\u00f3sticos previstos.<\/span><\/p>\n<p style=\"text-align: justify;\"><span style=\"line-height: 1.538em;\">A continuaci\u00f3n detallamos las zonas:<\/span><\/p>\n<p style=\"text-align: justify;\"><span style=\"line-height: 1.538em;\">RS Girona: para todo el territorio de la RS y para todos los diagn\u00f3sticos recogidos en Tarjeta Sanitaria Integral Cu\u00eddame<\/span><\/p>\n<p style=\"text-align: justify;\"><span style=\"line-height: 1.538em;\">RS Catalu\u00f1a Central: para todo el territorio de la RS y para todos los diagn\u00f3sticos recogidos en TSI Cu\u00eddame<\/span><\/p>\n<p style=\"text-align: justify;\"><span style=\"line-height: 1.538em;\">RS Barcelona: para el territorio de las siguientes \u00c1reas de Gesti\u00f3n Asistencial (AGA) y por todos los diagn\u00f3sticos recogidos en TSI Cu\u00eddame:<\/span><\/p>\n<p style=\"text-align: justify;\"><span style=\"line-height: 1.538em;\">\u2022 24 Baix Llobregat Centre y Fontsanta &#8211; L&#8217;Hospitalet<\/span><\/p>\n<p style=\"text-align: justify;\"><span style=\"line-height: 1.538em;\">\u2022 25 Hospitalet Sur y el Prat<\/span><\/p>\n<p style=\"text-align: justify;\"><span style=\"line-height: 1.538em;\">\u2022 63 Baix Llobregat Litoral y Viladecans<\/span><\/p>\n<p style=\"text-align: justify;\"><span style=\"line-height: 1.538em;\">\u2022 64 Baix Llobregat Litoral y Sant Boi<\/span><\/p>\n<p style=\"text-align: justify;\"><span style=\"line-height: 1.538em;\">\u2022 33 Maresme Central<\/span><\/p>\n<p style=\"text-align: justify;\"><span style=\"line-height: 1.538em;\">\u2022 30 Barcelon\u00e8s Nord y Baix Maresme<\/span><\/p>\n<p style=\"text-align: justify;\"><span style=\"line-height: 1.538em;\">\u2022 46 Barcelona Izquierda<\/span><\/p>\n<p style=\"text-align: justify;\"><span style=\"line-height: 1.538em;\">Una vez se analicen los resultados de la prueba piloto, el proyecto se podr\u00e1 extender al resto de centros de Catalu\u00f1a.<\/span><\/p>\n","protected":false},"excerpt":{"rendered":"<p>&nbsp; &nbsp; &nbsp; &nbsp; &nbsp; &nbsp; &nbsp; &nbsp; &nbsp; &nbsp; &nbsp; &nbsp; &nbsp; &nbsp; &nbsp; &nbsp; &nbsp; &nbsp; &nbsp; &nbsp; &nbsp; El CatSalut inici&oacute; en diciembre de 2012 la prueba<\/p>\n<div><a href=\"https:\/\/afabaix.org\/es\/ampliado-el-territorio-de-la-prueba-piloto-de-la-tarjeta-sanitaria-integral-cuidam\/\" class=\"exp-read-more exp-read-more-underlined\">Read More<\/a><\/div>\n","protected":false},"author":2,"featured_media":15848,"comment_status":"closed","ping_status":"closed","sticky":false,"template":"","format":"standard","meta":{"footnotes":""},"categories":[],"tags":[],"class_list":["post-16013","post","type-post","status-publish","format-standard","has-post-thumbnail","hentry"],"_links":{"self":[{"href":"https:\/\/afabaix.org\/es\/wp-json\/wp\/v2\/posts\/16013","targetHints":{"allow":["GET"]}}],"collection":[{"href":"https:\/\/afabaix.org\/es\/wp-json\/wp\/v2\/posts"}],"about":[{"href":"https:\/\/afabaix.org\/es\/wp-json\/wp\/v2\/types\/post"}],"author":[{"embeddable":true,"href":"https:\/\/afabaix.org\/es\/wp-json\/wp\/v2\/users\/2"}],"replies":[{"embeddable":true,"href":"https:\/\/afabaix.org\/es\/wp-json\/wp\/v2\/comments?post=16013"}],"version-history":[{"count":1,"href":"https:\/\/afabaix.org\/es\/wp-json\/wp\/v2\/posts\/16013\/revisions"}],"predecessor-version":[{"id":21987,"href":"https:\/\/afabaix.org\/es\/wp-json\/wp\/v2\/posts\/16013\/revisions\/21987"}],"wp:featuredmedia":[{"embeddable":true,"href":"https:\/\/afabaix.org\/es\/wp-json\/wp\/v2\/media\/15848"}],"wp:attachment":[{"href":"https:\/\/afabaix.org\/es\/wp-json\/wp\/v2\/media?parent=16013"}],"wp:term":[{"taxonomy":"category","embeddable":true,"href":"https:\/\/afabaix.org\/es\/wp-json\/wp\/v2\/categories?post=16013"},{"taxonomy":"post_tag","embeddable":true,"href":"https:\/\/afabaix.org\/es\/wp-json\/wp\/v2\/tags?post=16013"}],"curies":[{"name":"wp","href":"https:\/\/api.w.org\/{rel}","templated":true}]}}