
{"id":16100,"date":"2014-12-10T11:32:15","date_gmt":"2014-12-10T11:32:15","guid":{"rendered":"https:\/\/lacuinade.timit2003.com\/afabaix2\/noticia\/jesus-rodrigo-director-ejecutivo-de-ceafa-elegido-miembro-de-la-junta-directiva-de-alzheimer\/"},"modified":"2021-06-25T14:46:49","modified_gmt":"2021-06-25T14:46:49","slug":"jesus-rodrigo-director-ejecutivo-de-ceafa-elegido-miembro-de-la-junta-directiva-de-alzheimer","status":"publish","type":"post","link":"https:\/\/afabaix.org\/es\/jesus-rodrigo-director-ejecutivo-de-ceafa-elegido-miembro-de-la-junta-directiva-de-alzheimer\/","title":{"rendered":"Jes\u00fas Rodrigo, director ejecutivo de CEAFA, elegido miembro de la Junta Directiva de Alzheimer Europa"},"content":{"rendered":"<p>&nbsp;<\/p>\n<p style=\"text-align: justify;\"><span style=\"line-height: 1.538em;\">Jes\u00fas Rodrigo, director ejecutivo de la Confederaci\u00f3n Espa\u00f1ola de Asociaciones de Familiares de personas con Alzheimer y otras demencias (CEAFA) ha sido nombrado miembro de la Junta Directiva de Alzheimer Europa (AE). La Junta de Alzheimer Europa fue elegida en la Asamblea General Anual celebrada el pasado 20 de octubre en Glasgow (Escocia).&nbsp;<\/span><\/p>\n<p style=\"text-align: justify;\"><span style=\"line-height: 1.538em;\">La nueva Junta Directiva de Alzheimer Europa estar\u00e1 presidida por la alemana Heike von L\u00fctzau-Hohlbein y su mandato ser\u00e1 de dos a\u00f1os. La primera reuni\u00f3n de los nuevos miembros de la junta tendr\u00e1 lugar este pr\u00f3ximo mes de diciembre.&nbsp;<\/span><\/p>\n<p style=\"text-align: justify;\"><span style=\"line-height: 1.538em;\">Alzheimer Europa es una organizaci\u00f3n, sin \u00e1nimo de lucro, que tiene como objetivo mejorar la atenci\u00f3n y el tratamiento de las personas con demencia a trav\u00e9s de la colaboraci\u00f3n entre las asociaciones que forman parte de ella.&nbsp;<\/span><\/p>\n<p style=\"text-align: justify;\"><span style=\"line-height: 1.538em;\">Para CEAFA ser miembro de la Junta Directiva de Alzheimer Europa supone un reconocimiento a la labor que nuestra Confederaci\u00f3n ha venido desarrollando en los \u00faltimos a\u00f1os, al tiempo que representa una oportunidad magn\u00edfica para incorporar a nuestra actividad de representaci\u00f3n y defensa nuevos conocimientos y planteamientos desde la perspectiva europea; adem\u00e1s, \u201cCEAFA podr\u00e1 aportar tambi\u00e9n su experiencia y conocimiento y compartirlo con el resto de organizaciones que conforman esta estructura\u201d, en palabras de Jes\u00fas Rodrigo.&nbsp;<\/span><\/p>\n<p style=\"text-align: justify;\"><span style=\"line-height: 1.538em;\">Durante la mencionada Asamblea General del 20 de octubre se aprob\u00f3 por unanimidad de sus 26 miembros la llamada Declaraci\u00f3n de Glasgow. En dicha declaraci\u00f3n se pide la creaci\u00f3n de una Estrategia Europea sobre la Demencia, as\u00ed como una estrategia nacional en los diversos pa\u00edses europeos.&nbsp;<\/span><\/p>\n<p style=\"text-align: justify;\"><span style=\"line-height: 1.538em;\">Los firmantes de la Declaraci\u00f3n de Glasgow hacen un llamamiento a los l\u00edderes mundiales para que reconozcan la demencia como una prioridad de salud p\u00fablica y para desarrollar un plan de acci\u00f3n mundial sobre la demencia. Por su parte las asociaciones y organizaciones que forman Alzheimer Europa se comprometen a la promoci\u00f3n de los derechos, la dignidad y la autonom\u00eda de las personas con demencia. AE recuerda que estos derechos son universales y est\u00e1n garantizados en el Convenio Europeo de Derechos Humanos, la Declaraci\u00f3n Universal de los Derechos Humanos, los Pactos Internacionales de Derechos Culturales Derechos Pol\u00edticos Econ\u00f3micos, Sociales y Civiles y la Convenci\u00f3n sobre los Derechos de las Personas con Discapacidad.<\/span><\/p>\n","protected":false},"excerpt":{"rendered":"<p>&nbsp; Jes&uacute;s Rodrigo, director ejecutivo de la Confederaci&oacute;n Espa&ntilde;ola de Asociaciones de Familiares de personas con Alzheimer y otras demencias (CEAFA) ha sido nombrado miembro de la Junta Directiva de<\/p>\n<div><a href=\"https:\/\/afabaix.org\/es\/jesus-rodrigo-director-ejecutivo-de-ceafa-elegido-miembro-de-la-junta-directiva-de-alzheimer\/\" class=\"exp-read-more exp-read-more-underlined\">Read More<\/a><\/div>\n","protected":false},"author":2,"featured_media":16101,"comment_status":"closed","ping_status":"closed","sticky":false,"template":"","format":"standard","meta":{"footnotes":""},"categories":[],"tags":[],"class_list":["post-16100","post","type-post","status-publish","format-standard","has-post-thumbnail","hentry"],"_links":{"self":[{"href":"https:\/\/afabaix.org\/es\/wp-json\/wp\/v2\/posts\/16100","targetHints":{"allow":["GET"]}}],"collection":[{"href":"https:\/\/afabaix.org\/es\/wp-json\/wp\/v2\/posts"}],"about":[{"href":"https:\/\/afabaix.org\/es\/wp-json\/wp\/v2\/types\/post"}],"author":[{"embeddable":true,"href":"https:\/\/afabaix.org\/es\/wp-json\/wp\/v2\/users\/2"}],"replies":[{"embeddable":true,"href":"https:\/\/afabaix.org\/es\/wp-json\/wp\/v2\/comments?post=16100"}],"version-history":[{"count":1,"href":"https:\/\/afabaix.org\/es\/wp-json\/wp\/v2\/posts\/16100\/revisions"}],"predecessor-version":[{"id":21941,"href":"https:\/\/afabaix.org\/es\/wp-json\/wp\/v2\/posts\/16100\/revisions\/21941"}],"wp:featuredmedia":[{"embeddable":true,"href":"https:\/\/afabaix.org\/es\/wp-json\/wp\/v2\/media\/16101"}],"wp:attachment":[{"href":"https:\/\/afabaix.org\/es\/wp-json\/wp\/v2\/media?parent=16100"}],"wp:term":[{"taxonomy":"category","embeddable":true,"href":"https:\/\/afabaix.org\/es\/wp-json\/wp\/v2\/categories?post=16100"},{"taxonomy":"post_tag","embeddable":true,"href":"https:\/\/afabaix.org\/es\/wp-json\/wp\/v2\/tags?post=16100"}],"curies":[{"name":"wp","href":"https:\/\/api.w.org\/{rel}","templated":true}]}}