
{"id":16185,"date":"2015-06-04T09:26:51","date_gmt":"2015-06-04T09:26:51","guid":{"rendered":"https:\/\/lacuinade.timit2003.com\/afabaix2\/noticia\/vivir-en-zonas-con-contaminacion-atmosferica-envejece-el-cerebro\/"},"modified":"2021-06-25T14:46:46","modified_gmt":"2021-06-25T14:46:46","slug":"vivir-en-zonas-con-contaminacion-atmosferica-envejece-el-cerebro","status":"publish","type":"post","link":"https:\/\/afabaix.org\/es\/vivir-en-zonas-con-contaminacion-atmosferica-envejece-el-cerebro\/","title":{"rendered":"Vivir en zonas con contaminaci\u00f3n atmosf\u00e9rica envejece el cerebro."},"content":{"rendered":"<p style=\"text-align: justify;\">&nbsp;<\/p>\n<p style=\"text-align: justify;\">Joaquim Elcacho (La Vanguardia digital).- &nbsp;La contaminaci\u00f3n atmosf\u00e9rica, incluso a niveles moderados, ha sido reconocida como un factor en el aumento del riesgo de enfermedades cerebrovasculares (ictus; infarto cerebral y derrame cerebral) en estudios m\u00e9dicos llevados a cabo durante los \u00faltimos a\u00f1os en diversas partes del mundo.<\/p>\n<p style=\"text-align: justify;\">Una nueva investigaci\u00f3n dirigida por cient\u00edficos del <a href=\"http:\/\/www.bidmc.org\/\" target=\"_blank\" rel=\"noopener\">Centro M\u00e9dico Beth Israel Deaconess de Boston<\/a> (Estados Unidos) y de la Escuela de Medicina de la Universidad de Boston indica ahora que la exposici\u00f3n a largo plazo a ambientes con aire contaminado causa tambi\u00e9n da\u00f1os a las estructuras del cerebro y afecta la funci\u00f3n cognitiva en los adultos de mediana edad y ancianos.<\/p>\n<p style=\"text-align: justify;\">Los responsables del estudio han analizado el historial m\u00e9dico de 900 personas que participaban en una investigaci\u00f3n m\u00e9dica a largo plazo y han encontrado evidencias de los da\u00f1os asociados a vivir en zonas contaminadas. Los resultados de este estudio se publican en el n\u00famero del mes de mayo de la revista m\u00e9dica <a href=\"http:\/\/stroke.ahajournals.org\/content\/early\/2015\/04\/23\/STROKEAHA.114.008348\" target=\"_blank\" rel=\"noopener\">Stroke<\/a>.<\/p>\n<p style=\"text-align: justify;\">&nbsp;<\/p>\n<p style=\"text-align: justify;\">El aire contaminado envejece el cerebro<\/p>\n<p style=\"text-align: justify;\">El estudio calcula la exposici\u00f3n a ambientes contaminados teniendo en cuenta el lugar de residencia de los participantes y los datos sobre calidad del aire en elementos como las part\u00edculas con un di\u00e1metro menor de 2,5 micras (PM-2,5). Este tipo de part\u00edculas provienen de diversas fuentes, incluyendo las plantas de energ\u00eda, f\u00e1bricas, camiones y autom\u00f3viles y la combusti\u00f3n de la madera. Las PM-2,5 son especialmente peligrosas para la salud y su presencia ha sido asociada en estudios anteriores a un mayor n\u00famero de hospitalizaciones por problemas cardiovasculares como ataques card\u00edacos y accidentes cerebrovasculares.<\/p>\n<p style=\"text-align: justify;\">El estudio indica que un aumento de s\u00f3lo 2 microgramos por metro c\u00fabico de PM-2,5 equivale aproximadamente a un a\u00f1o de envejecimiento del cerebro. As\u00ed, las personas que viven en ciudades o zonas con m\u00e1s contaminaci\u00f3n atmosf\u00e9rica presentan un envejecimiento cerebral prematuro y un mayor riesgo de enfermedades cerebrovasculares.<\/p>\n<p style=\"text-align: justify;\">La investigaci\u00f3n que se publica ahora, \u00abes uno de los primeros estudios en que se examinar la relaci\u00f3n entre la contaminaci\u00f3n del aire y la estructura del cerebro, y sugiere que la mala calidad del aire se asocia con efectos importantes en el envejecimiento del cerebro \u00ab, ha destacado Elissa Wilker, investigadora en Centro Beth Israel Deaconess y coautora del art\u00edculo cient\u00edfico.<\/p>\n<p style=\"text-align: justify;\">Relacionado con la contaminaci\u00f3n atmosf\u00e9rica y funciones cerebrales, se debe recordar que expertos del Centre de Recerca en Epidemiologia Ambiental (Creal) de Barcelona publicaron el pasado mes de marzo un estudio en el que se indica que los ni\u00f1os que respiran aire contaminado en la escuela tienen un desarrollo cognitivo menor que aquellos que disfrutan de un aire m\u00e1s limpio en el patio y en las aulas.<\/p>\n<p style=\"text-align: justify;\">&nbsp;<a href=\"http:\/\/www.lavanguardia.com\/bigvang\/cuerpo-humano\/20150303\/54427846995\/contaminacion-ninos-escuela-barcelona-desarrollo-cognitivo.html\" target=\"_blank\" rel=\"noopener\">(M\u00e1s informaci\u00f3n sobre este estudio en el art\u00edculo publicado en Big Vang, secci\u00f3n de ci\u00e8ncia de La Vanguardia.com).<\/a><\/p>\n","protected":false},"excerpt":{"rendered":"<p>&nbsp; Joaquim Elcacho (La Vanguardia digital).- &nbsp;La contaminaci&oacute;n atmosf&eacute;rica, incluso a niveles moderados, ha sido reconocida como un factor en el aumento del riesgo de enfermedades cerebrovasculares (ictus; infarto cerebral<\/p>\n<div><a href=\"https:\/\/afabaix.org\/es\/vivir-en-zonas-con-contaminacion-atmosferica-envejece-el-cerebro\/\" class=\"exp-read-more exp-read-more-underlined\">Read More<\/a><\/div>\n","protected":false},"author":2,"featured_media":16183,"comment_status":"closed","ping_status":"closed","sticky":false,"template":"","format":"standard","meta":{"footnotes":""},"categories":[],"tags":[],"class_list":["post-16185","post","type-post","status-publish","format-standard","has-post-thumbnail","hentry"],"_links":{"self":[{"href":"https:\/\/afabaix.org\/es\/wp-json\/wp\/v2\/posts\/16185","targetHints":{"allow":["GET"]}}],"collection":[{"href":"https:\/\/afabaix.org\/es\/wp-json\/wp\/v2\/posts"}],"about":[{"href":"https:\/\/afabaix.org\/es\/wp-json\/wp\/v2\/types\/post"}],"author":[{"embeddable":true,"href":"https:\/\/afabaix.org\/es\/wp-json\/wp\/v2\/users\/2"}],"replies":[{"embeddable":true,"href":"https:\/\/afabaix.org\/es\/wp-json\/wp\/v2\/comments?post=16185"}],"version-history":[{"count":1,"href":"https:\/\/afabaix.org\/es\/wp-json\/wp\/v2\/posts\/16185\/revisions"}],"predecessor-version":[{"id":21900,"href":"https:\/\/afabaix.org\/es\/wp-json\/wp\/v2\/posts\/16185\/revisions\/21900"}],"wp:featuredmedia":[{"embeddable":true,"href":"https:\/\/afabaix.org\/es\/wp-json\/wp\/v2\/media\/16183"}],"wp:attachment":[{"href":"https:\/\/afabaix.org\/es\/wp-json\/wp\/v2\/media?parent=16185"}],"wp:term":[{"taxonomy":"category","embeddable":true,"href":"https:\/\/afabaix.org\/es\/wp-json\/wp\/v2\/categories?post=16185"},{"taxonomy":"post_tag","embeddable":true,"href":"https:\/\/afabaix.org\/es\/wp-json\/wp\/v2\/tags?post=16185"}],"curies":[{"name":"wp","href":"https:\/\/api.w.org\/{rel}","templated":true}]}}