
{"id":16205,"date":"2015-09-24T16:53:29","date_gmt":"2015-09-24T16:53:29","guid":{"rendered":"https:\/\/lacuinade.timit2003.com\/afabaix2\/noticia\/el-boletin-38-de-la-asociacion-ya-esta-vuestra-disposicion\/"},"modified":"2021-06-25T14:46:45","modified_gmt":"2021-06-25T14:46:45","slug":"el-boletin-38-de-la-asociacion-ya-esta-vuestra-disposicion","status":"publish","type":"post","link":"https:\/\/afabaix.org\/es\/el-boletin-38-de-la-asociacion-ya-esta-vuestra-disposicion\/","title":{"rendered":"EL Bolet\u00edn 38 de la Asociaci\u00f3n ya est\u00e1 a vuestra disposici\u00f3n."},"content":{"rendered":"<p style=\"text-align: justify;\">&nbsp;<\/p>\n<p style=\"text-align: justify;\">Una vez m\u00e1s me complace dirigirme a todos vosotros, socios y amigos, para presentaros un nuevo bolet\u00edn donde tratamos de explicar tanto nuestras actividades como nuestros proyectos relacionados con los afectados por la enfermedad de Alzheimer, que para nosotros son y ser\u00e1n el principal motivo de nuestra Asociaci\u00f3n.<\/p>\n<p style=\"text-align: justify;\">El primer tema que quisiera destacar es el de la ampliaci\u00f3n de nuestro Centro Alois del Prat. Ya se han comenzado las obras que nos permitir\u00e1n, aparte de ampliar el n\u00famero de los usuarios, llevar a cabo m\u00e1s actividades al mismo tiempo que programar nuevos servicios con m\u00e1s comodidad, cumpliendo los requisitos establecidos por la Generalitat de Catalunyaa para homologarlo como Centro Colaborador y poder tener acceso a las plazas p\u00fablicas. Todo esto ha sido posible gracias a la colaboraci\u00f3n del Ayuntamiento de El Prat que nos ha concedido una subvenci\u00f3n que pr\u00e1cticamente cubre la totalidad de las obras de ampliaci\u00f3n, lo que queremos agradecer p\u00fablicamente desde estas p\u00e1ginas, ya que sin esta aportaci\u00f3n la mejora y ampliaci\u00f3n del Centro no habr\u00eda sido posible.<\/p>\n<p style=\"text-align: justify;\">Tambi\u00e9n puedo adelantar que estamos en conversaciones con el Ayuntamiento de Molins de Rei para hacer posible la creaci\u00f3n de un nuevo centro Alois en esta ciudad, que se instalar\u00e1, si todo va bien, en el edificio del antiguo Ambulatorio. Las conversaciones van por buen camino y parece que, si no sale ning\u00fan inconveniente de \u00faltima hora, pronto llegar\u00e1 a un acuerdo definitivo. Esperamos que sea as\u00ed.<\/p>\n<p style=\"text-align: justify;\">Pero como suele suceder no todo es positivo. Desde hace tiempo las asociaciones reclamamos un plan que ayude a las familias a cuidar de sus enfermos, teniendo en cuenta que la mayor\u00eda llevan esta carga con muy pocos recursos y en ocasiones con la soledad social y familiar m\u00e1s absoluta. Consideramos absolutamente imprescindible que las administraciones sean conscientes de que se trata de una problem\u00e1tica que, seg\u00fan estudios recientes, en unos 10 a\u00f1os puede llegar a ser una epidemia, y que si no se ayuda a las familias, el coste tanto econ\u00f3mico como social puede llegar a ser insoportable.<\/p>\n<p style=\"text-align: justify;\">Nosotros intentaremos acercar esta realidad a nuestros pol\u00edticos, para hacerles conscientes de esta asignatura pendiente que constituye uno de los problemas m\u00e1s prioritarios de nuestra sociedad. Por nuestra parte, recientemente nos hemos adherido, junto con todas las asociaciones espa\u00f1olas que formamos parte de CEAFA, a la declaraci\u00f3n de Glasgow que hace un llamamiento a los l\u00edderes mundiales para que reconozcan como una prioridad para la salud p\u00fablica el hecho de promover los derechos , la dignidad y la autonom\u00eda de las personas que padecen la demencia as\u00ed como la de los familiares que cuidan y atienden estos enfermos. Dada su importancia hemos considerado de gran inter\u00e9s el reproducir este documento en estas p\u00e1ginas.<\/p>\n<p style=\"text-align: justify;\">Llegada aqu\u00ed, s\u00f3lo me resta decir que ten\u00e9is, una vez m\u00e1s, en vuestras manos nuestro bolet\u00edn, en el que podr\u00e9is encontrar las actividades, sociales, profesionales y l\u00fadicas de nuestra Asociaci\u00f3n, as\u00ed como los trabajos de nuestros colaboradores. Espero que sea de vuestro agrado. Muchas gracias.<\/p>\n<p style=\"text-align: justify;\">M\u00aa Rosa Giner Qui\u00f1onero. Presidenta de AFA Baix Llobregat.<\/p>\n<p style=\"text-align: justify;\">&nbsp;<\/p>\n","protected":false},"excerpt":{"rendered":"<p>&nbsp; Una vez m&aacute;s me complace dirigirme a todos vosotros, socios y amigos, para presentaros un nuevo bolet&iacute;n donde tratamos de explicar tanto nuestras actividades como nuestros proyectos relacionados con<\/p>\n<div><a href=\"https:\/\/afabaix.org\/es\/el-boletin-38-de-la-asociacion-ya-esta-vuestra-disposicion\/\" class=\"exp-read-more exp-read-more-underlined\">Read More<\/a><\/div>\n","protected":false},"author":2,"featured_media":16203,"comment_status":"closed","ping_status":"closed","sticky":false,"template":"","format":"standard","meta":{"footnotes":""},"categories":[],"tags":[],"class_list":["post-16205","post","type-post","status-publish","format-standard","has-post-thumbnail","hentry"],"_links":{"self":[{"href":"https:\/\/afabaix.org\/es\/wp-json\/wp\/v2\/posts\/16205","targetHints":{"allow":["GET"]}}],"collection":[{"href":"https:\/\/afabaix.org\/es\/wp-json\/wp\/v2\/posts"}],"about":[{"href":"https:\/\/afabaix.org\/es\/wp-json\/wp\/v2\/types\/post"}],"author":[{"embeddable":true,"href":"https:\/\/afabaix.org\/es\/wp-json\/wp\/v2\/users\/2"}],"replies":[{"embeddable":true,"href":"https:\/\/afabaix.org\/es\/wp-json\/wp\/v2\/comments?post=16205"}],"version-history":[{"count":1,"href":"https:\/\/afabaix.org\/es\/wp-json\/wp\/v2\/posts\/16205\/revisions"}],"predecessor-version":[{"id":21890,"href":"https:\/\/afabaix.org\/es\/wp-json\/wp\/v2\/posts\/16205\/revisions\/21890"}],"wp:featuredmedia":[{"embeddable":true,"href":"https:\/\/afabaix.org\/es\/wp-json\/wp\/v2\/media\/16203"}],"wp:attachment":[{"href":"https:\/\/afabaix.org\/es\/wp-json\/wp\/v2\/media?parent=16205"}],"wp:term":[{"taxonomy":"category","embeddable":true,"href":"https:\/\/afabaix.org\/es\/wp-json\/wp\/v2\/categories?post=16205"},{"taxonomy":"post_tag","embeddable":true,"href":"https:\/\/afabaix.org\/es\/wp-json\/wp\/v2\/tags?post=16205"}],"curies":[{"name":"wp","href":"https:\/\/api.w.org\/{rel}","templated":true}]}}