
{"id":16250,"date":"2016-01-13T11:10:46","date_gmt":"2016-01-13T11:10:46","guid":{"rendered":"https:\/\/lacuinade.timit2003.com\/afabaix2\/noticia\/evitar-el-estres-previene-el-desarrollo-del-alzheimer\/"},"modified":"2021-06-25T14:46:44","modified_gmt":"2021-06-25T14:46:44","slug":"evitar-el-estres-previene-el-desarrollo-del-alzheimer","status":"publish","type":"post","link":"https:\/\/afabaix.org\/es\/evitar-el-estres-previene-el-desarrollo-del-alzheimer\/","title":{"rendered":"Evitar el estr\u00e9s previene el desarrollo del alzh\u00e9imer."},"content":{"rendered":"<p>&nbsp;<\/p>\n<p style=\"text-align: justify;\">Las personas que padecen estr\u00e9s tienen un mayor riesgo de desarrollar enfermedades cardiovasculares y, por tanto, de sufrir un infarto o un ictus. Pero los efectos perniciosos del estr\u00e9s no acaban ah\u00ed: tambi\u00e9n es fuente de numerosos trastornos f\u00edsicos y mentales, de alteraciones del sue\u00f1o, de diabetes y dolores musculares, etc. Y a todo ello se suma, como muestra un estudio dirigido por investigadores de la Facultad de Medicina Albert Einstein de la Universidad Yeshiva de Nueva York (EE.UU.), que el estr\u00e9s duplica el riesgo de deterioro cognitivo en las personas mayores.<\/p>\n<p style=\"text-align: justify;\">M\u00e1s concretamente, los resultados demuestran que el estr\u00e9s incrementa el riesgo de desarrollar deterioro cognitivo leve amn\u00e9sico (DLCa), tipo de deterioro cognitivo en el que el s\u00edntoma predominante es la p\u00e9rdida de memoria. Y como sucede con todos los tipos de deterioro cognitivo, su aparici\u00f3n supone un mayor riesgo de demencia y enfermedad de Alzheimer.<\/p>\n<p style=\"text-align: justify;\">Como explica el doctor Richard Lipton, director de esta investigaci\u00f3n publicada en la revista \u00abAlzheimer Disease &amp; Associated Disorders\u00bb, \u00abnuestro estudio aporta evidencias consistentes de que el estr\u00e9s aumenta el riesgo de que las personas mayores desarrollen DLCa. Afortunadamente, el estr\u00e9s percibido es un factor de riesgo modificable de deterioro cognitivo, por lo que constituye una diana potencial de tratamiento\u00bb.<\/p>\n<p style=\"text-align: justify;\">&nbsp;<\/p>\n<p style=\"text-align: justify;\"><em>A mayor estr\u00e9s, menos memoria<\/em><\/p>\n<p style=\"text-align: justify;\">Los investigadores analizaron los datos de 507 personas mayores de 70 a\u00f1os incluidas en el estudio de envejecimiento que la Facultad viene realizando desde 1993. Un estudio en el que los participantes, adem\u00e1s de a numerosas pruebas f\u00edsicas, neurol\u00f3gicas o psicosociales, son sometidos a una evaluaci\u00f3n del estr\u00e9s \u2013por medio de la Escala de Estr\u00e9s Percibido (PSS), en la que mayor puntuaci\u00f3n supone un mayor estr\u00e9s.<\/p>\n<p style=\"text-align: justify;\">En el momento de inicio de la investigaci\u00f3n, los 507 participantes, que se sometieron a una evaluaci\u00f3n anual del estr\u00e9s y la funci\u00f3n cognitiva durante un periodo promedio de 3,6 a\u00f1os, estaban libres de DLCa o demencia. Pero durante la misma, 71 desarrollaron DLCa.<\/p>\n<p style=\"text-align: justify;\">El an\u00e1lisis de los resultados mostr\u00f3 que el riesgo de DLCa era mayor cuanto mayores eran los niveles de estr\u00e9s. Concretamente, por cada 5 puntos m\u00e1s en la PSS \u2013la escala va desde los 0 a los 54 puntos\u2013. el riesgo de DLCa se incremente un 30%.<\/p>\n<p style=\"text-align: justify;\">&nbsp;<\/p>\n<p style=\"text-align: justify;\"><em>Mayor riesgo en mujeres<\/em><\/p>\n<p style=\"text-align: justify;\">Es m\u00e1s; una vez constatado que la asociaci\u00f3n entre estr\u00e9s y deterioro cognitivo resulta independiente de otros factores, los resultados tambi\u00e9n demostraron que el riesgo de DLCa es mayor en las mujeres y en las personas con un bajo nivel educativo o depresi\u00f3n mayor.<\/p>\n<p style=\"text-align: justify;\">Como concluye Mindy Katz, co-autora del estudio, \u00abel estr\u00e9s percibido refleja los problemas cotidianos que todos experimentamos, as\u00ed como la manera en que los evaluamos y afrontamos. Y este estr\u00e9s percibido puede ser tratado de diversas maneras, como puede ser utilizando una terapia cognitiva-conductual o la administraci\u00f3n de tratamientos farmacol\u00f3gicos. Un aspecto importante dado que estas intervenciones pueden posponer e, incluso, prevenir, el deterioro cognitivo\u00bb.<\/p>\n<p style=\"text-align: justify;\"><em>M. L\u00d3PEZ &#8211; @abc_saludMadrid&nbsp;<\/em><\/p>\n<p>&nbsp;<\/p>\n","protected":false},"excerpt":{"rendered":"<p>&nbsp; Las personas que padecen estr&eacute;s tienen un mayor riesgo de desarrollar enfermedades cardiovasculares y, por tanto, de sufrir un infarto o un ictus. Pero los efectos perniciosos del estr&eacute;s<\/p>\n<div><a href=\"https:\/\/afabaix.org\/es\/evitar-el-estres-previene-el-desarrollo-del-alzheimer\/\" class=\"exp-read-more exp-read-more-underlined\">Read More<\/a><\/div>\n","protected":false},"author":2,"featured_media":16251,"comment_status":"closed","ping_status":"closed","sticky":false,"template":"","format":"standard","meta":{"footnotes":""},"categories":[],"tags":[],"class_list":["post-16250","post","type-post","status-publish","format-standard","has-post-thumbnail","hentry"],"_links":{"self":[{"href":"https:\/\/afabaix.org\/es\/wp-json\/wp\/v2\/posts\/16250","targetHints":{"allow":["GET"]}}],"collection":[{"href":"https:\/\/afabaix.org\/es\/wp-json\/wp\/v2\/posts"}],"about":[{"href":"https:\/\/afabaix.org\/es\/wp-json\/wp\/v2\/types\/post"}],"author":[{"embeddable":true,"href":"https:\/\/afabaix.org\/es\/wp-json\/wp\/v2\/users\/2"}],"replies":[{"embeddable":true,"href":"https:\/\/afabaix.org\/es\/wp-json\/wp\/v2\/comments?post=16250"}],"version-history":[{"count":1,"href":"https:\/\/afabaix.org\/es\/wp-json\/wp\/v2\/posts\/16250\/revisions"}],"predecessor-version":[{"id":21867,"href":"https:\/\/afabaix.org\/es\/wp-json\/wp\/v2\/posts\/16250\/revisions\/21867"}],"wp:featuredmedia":[{"embeddable":true,"href":"https:\/\/afabaix.org\/es\/wp-json\/wp\/v2\/media\/16251"}],"wp:attachment":[{"href":"https:\/\/afabaix.org\/es\/wp-json\/wp\/v2\/media?parent=16250"}],"wp:term":[{"taxonomy":"category","embeddable":true,"href":"https:\/\/afabaix.org\/es\/wp-json\/wp\/v2\/categories?post=16250"},{"taxonomy":"post_tag","embeddable":true,"href":"https:\/\/afabaix.org\/es\/wp-json\/wp\/v2\/tags?post=16250"}],"curies":[{"name":"wp","href":"https:\/\/api.w.org\/{rel}","templated":true}]}}