
{"id":16891,"date":"2017-08-02T12:27:03","date_gmt":"2017-08-02T12:27:03","guid":{"rendered":"https:\/\/lacuinade.timit2003.com\/afabaix2\/noticia\/las-aportaciones-hechas-en-la-conferencia-internacional-de-la-alzheimers-association\/"},"modified":"2021-06-25T14:46:07","modified_gmt":"2021-06-25T14:46:07","slug":"las-aportaciones-hechas-en-la-conferencia-internacional-de-la-alzheimers-association","status":"publish","type":"post","link":"https:\/\/afabaix.org\/es\/las-aportaciones-hechas-en-la-conferencia-internacional-de-la-alzheimers-association\/","title":{"rendered":"Las aportaciones hechas en la Conferencia Internacional de la Alzheimer&#8217;s Association."},"content":{"rendered":"<p style=\"text-align: justify;\">&nbsp;<\/p>\n<p style=\"text-align: justify;\">Los nuevos resultados de la investigaci\u00f3n presentados en la Conferencia Internacional de la Asociaci\u00f3n de Alzheimer 2017 (AAIC 2017) realizada entre los d\u00edas 16 y 20 de julio en Londres, profundizan en la comprensi\u00f3n de los factores de riesgo de la enfermedad de Alzheimer id otras demencias, y destacan el potencial para prevenir la disminuci\u00f3n cognitiva a trav\u00e9s de intervenciones en el estilo de vida. Otros datos importantes comunicados a la AAIC 2017 incluyen nuevos estudios que destacan el impacto de la raza y el estatus socioecon\u00f3mico sobre el riesgo de demencia, adem\u00e1s de avances en herramientas de diagn\u00f3stico y detecci\u00f3n precoz.<\/p>\n<p style=\"text-align: justify;\">Al AAIC 2017, la Asociaci\u00f3n de Alzheimer -Alzheimer s Association &#8211; (de USA) anunci\u00f3 el lanzamiento del estudio norteamericano US POINTER (Protect through a lifestyle intervention to Reduce risk) basado en la prevenci\u00f3n de la demencia mediante intervenciones en el estilo de vida, un ensayo cl\u00ednico de dos a\u00f1os y 20 millones de d\u00f3lares estadounidenses para evaluar la capacidad de una intervenci\u00f3n multidimensional de estilo de vida para prevenir la disminuci\u00f3n cognitiva y la demencia en 2.500 adultos grandes con mayor riesgo de disminuci\u00f3n cognitiva.<\/p>\n<p style=\"text-align: justify;\">Tambi\u00e9n en la conferencia, la Comisi\u00f3n Lancet sobre Prevenci\u00f3n, Intervenci\u00f3n y Atenci\u00f3n a la Demencia inform\u00f3 que m\u00e1s de un tercio de los casos de demencia mundial se pueden prevenir a trav\u00e9s de abordar los factores de estilo de vida que inciden en el riesgo de un individuo. Destacaron nueve factores de riesgo potencialmente modificables en m\u00faltiples fases a lo largo de toda la vida, no s\u00f3lo en la vejez.<\/p>\n<p style=\"text-align: justify;\">\u00abEstamos decididos a desarrollar y ofrecer una receta m\u00e1s espec\u00edfica para reducir el riesgo de Alzheimer\u00bb, dijo Mar\u00eda Carrillo, jefe de ciencias de la Asociaci\u00f3n de Alzheimer. \u00abAhora podemos prevenir o tratar con eficacia las enfermedades del coraz\u00f3n, el c\u00e1ncer y el VIH \/ SIDA con combinaciones de drogas y estilo de vida. El mismo tambi\u00e9n puede ser cierto para la enfermedad de Alzheimer y otras demencias en un futuro no muy lejano \u00ab.<\/p>\n<p style=\"text-align: justify;\">\u00abEsto s\u00f3lo se har\u00e1 mediante ensayos adicionales de investigaci\u00f3n a gran escala en varias poblaciones. La Asociaci\u00f3n de Alzheimer pide al Congreso de EEUU que contin\u00fae su compromiso con el Alzheimer y otras demencias mediante el aumento de la financiaci\u00f3n de la investigaci\u00f3n de Alzheimer por al menos 414 millones de d\u00f3lares en el a\u00f1o fiscal 2018 \u00ab, dijo Carrillo.<\/p>\n<p style=\"text-align: justify;\">AAIC es el primer foro anual de presentaci\u00f3n y discusi\u00f3n de las \u00faltimas investigaciones sobre Alzheimer y demencia. Con el objetivo de acercar el mundo a los avances en ciencias de la demencia, la AAIC 2017 convoc\u00f3 a m\u00e1s de 5.000 expertos e investigadores l\u00edderes de 64 pa\u00edses de todo el mundo y present\u00f3 m\u00e1s de 2.200 presentaciones cient\u00edficas.<\/p>\n<p style=\"text-align: justify;\">&nbsp;<\/p>\n<p style=\"text-align: justify;\"><strong>Un gran ensayo de EEUU para explorar ventajas de las intervenciones de estilo de vida sobre el declive cognitivo<\/strong><\/p>\n<p style=\"text-align: justify;\">El estudio de los EE.UU. US POINTER incluye el ejercicio f\u00edsico, el asesoramiento y la modificaci\u00f3n nutricional, la estimulaci\u00f3n cognitiva y social y la mejora de la autogesti\u00f3n de las condiciones m\u00e9dicas. La contrataci\u00f3n para el estudio comenzar\u00e1 en 2018.<\/p>\n<p style=\"text-align: justify;\">\u00abAhora podemos prevenir y tratar efectivamente enfermedades del coraz\u00f3n con una combinaci\u00f3n de drogas y estilo de vida. Lo mismo ocurre con algunos c\u00e1nceres; Lo mismo con el VIH \/ SIDA. El mismo tambi\u00e9n puede ser verdadero para la enfermedad de Alzheimer en un futuro no muy lejano \u00ab, dijo Carrillo. \u00abTenemos que probar todas las opciones para tratar y prevenir esta horrible enfermedad. La asociaci\u00f3n de Alzheimer est\u00e1 muy orgullosa de poner en marcha este ensayo cl\u00ednico con nuestros socios cient\u00edficos\u00bb.<\/p>\n<p style=\"text-align: justify;\">&nbsp;<\/p>\n<p style=\"text-align: justify;\">&nbsp;<\/p>\n<p style=\"text-align: justify;\"><strong>M\u00e1s de un tercio de los casos de demencia mundial se pueden prevenir mediante el estilo de vida<\/strong><\/p>\n<p style=\"text-align: justify;\">La Lancet public\u00f3 el informe de su Comisi\u00f3n sobre Prevenci\u00f3n, Intervenci\u00f3n y Atenci\u00f3n a la Demencia en la AAIC 2017, encontrando que m\u00e1s de un tercio de la demencia mundial se puede prevenir a trav\u00e9s de abordar los factores de estilo de vida que afectan el riesgo de un individuo. La Comisi\u00f3n Lancet reuni\u00f3 24 expertos internacionales para consolidar los avances realizados en nuestro conocimiento de factores de riesgo, tratamiento y cuidado de la demencia.<\/p>\n<p style=\"text-align: justify;\">Los autores realizaron una nueva revisi\u00f3n y metaan\u00e1lisis; Ampliaron los modelos actuales de riesgo de demencia incluyendo la p\u00e9rdida auditiva y el aislamiento social. Propusieron un nuevo modelo de riesgo de demencia para la vida \u00fatil que presentara factores de riesgo potencialmente modificables en m\u00faltiples fases a lo largo de la vida \u00fatil. Estimaron el impacto potencial de la eliminaci\u00f3n de los factores de riesgo m\u00e1s potentes, ya que aproximadamente el 35% de los casos de demencia pueden atribuirse a nueve factores de riesgo modificables:<\/p>\n<p style=\"text-align: justify;\">Primeros a\u00f1os: educaci\u00f3n a partir de los 15 a\u00f1os.<\/p>\n<p style=\"text-align: justify;\">Adultos: hipertensi\u00f3n; obesidad; P\u00e9rdida de o\u00eddo.<\/p>\n<p style=\"text-align: justify;\">Mayores: Depresi\u00f3n; diabetes; Ia actividad f\u00edsica; fumar; escaso contacto social.<\/p>\n<p style=\"text-align: justify;\">&nbsp;<\/p>\n<p style=\"text-align: justify;\"><strong>Las habilidades verbales y sensoriales, y las hospitalizaciones de emergencia, pueden predecir la futura funci\u00f3n cognitiva<\/strong><\/p>\n<p style=\"text-align: justify;\">La investigaci\u00f3n publicada en la AAIC 2017 aporta luz sobre factores de riesgo nuevos y ampliados para el declive cognitivo y el Alzheimer. Los nuevos datos sugieren asociaciones entre el estado cognitivo en personas mayores y las habilidades verbales, la p\u00e9rdida de audici\u00f3n y determinados tipos de hospitalizaci\u00f3n.<\/p>\n<p style=\"text-align: justify;\">Los investigadores encontraron que las personas con p\u00e9rdida auditiva eran tres veces m\u00e1s propensas a tener un deterioro cognitivo leve en comparaci\u00f3n con los que ten\u00edan una audiencia normal. En un estudio aparte, el contenido del habla y la fluidez de los participantes del estudio con discapacidad cognitiva leve disminuyeron m\u00e1s r\u00e1pidamente que aquellos con cognici\u00f3n normal. Si se confirman estos hallazgos, la p\u00e9rdida auditiva y los cambios en el patr\u00f3n de habla pueden ser valiosos a la hora de evaluar el riesgo o la recesi\u00f3n cognitiva a medida que envejece.<\/p>\n<p style=\"text-align: justify;\">Un tercer estudio encontr\u00f3 que los ancianos pueden tener un riesgo m\u00e1s alto para la memoria y otros problemas cognitivos tras las hospitalizaciones no electivas. Estos procedimientos se asociaron con una aceleraci\u00f3n aproximada del 60% en la tasa de disminuci\u00f3n cognitiva versus tasas pre-hospitalarias. En este grupo de estudio, los procedimientos electivos no se asociaron con el declive cognitivo. Estos resultados pueden tener implicaciones importantes para la toma de decisiones m\u00e9dicas y el cuidado de los ancianos.<\/p>\n<p style=\"text-align: justify;\">&nbsp;<\/p>\n<p style=\"text-align: justify;\">&nbsp;<\/p>\n<p style=\"text-align: justify;\"><strong>Problemas comunes del sue\u00f1o asociados con un aumento de los marcadores del riesgo de Alzheimer<\/strong><\/p>\n<p style=\"text-align: justify;\">Varias nuevos an\u00e1lisis de investigaci\u00f3n en el AAIC 2017 encontraron asociaciones significativas entre el trastorno de la respiraci\u00f3n del sue\u00f1o y los cambios cerebrales del Alzheimer. Los investigadores encontraron que, en sus poblaciones de estudio, la apnea obstructiva del sue\u00f1o se asoci\u00f3 con un aumento de la deposici\u00f3n amiloide cerebral, disminuci\u00f3n de los niveles de amiloide del l\u00edquido cefalorraqu\u00eddeo (CSF) (que se cree que indica una mayor acumulaci\u00f3n en el cerebro) y un aumento de los niveles de prote\u00ednas tau. El trastorno de la respiraci\u00f3n del sue\u00f1o se asoci\u00f3 con la acumulaci\u00f3n acelerada de amiloides cerebrales tanto en individuos cognitivamente normales como en personas con insuficiencia cognitiva leve (datos de la Iniciativa de Neuroimagen del Alzheimer). El trastorno de la respiraci\u00f3n del sue\u00f1o y la apnea obstructiva son factores modificables con un tratamiento efectivo, por lo tanto se puede ayudar a reducir el riesgo de disminuci\u00f3n cognitiva y, posiblemente, de Alzheimer. Se necesita m\u00e1s investigaci\u00f3n para probar esta idea.<\/p>\n<p style=\"text-align: justify;\">&nbsp;<\/p>\n<p style=\"text-align: justify;\"><strong>Los h\u00e1bitos alimentarios saludables pueden preservar la funci\u00f3n cognitiva y reducir el riesgo de demencia<\/strong><\/p>\n<p style=\"text-align: justify;\">Los resultados de cuatro grandes estudios basados \u200b\u200ben la poblaci\u00f3n apoyan una conexi\u00f3n entre buenas pr\u00e1cticas diet\u00e9ticas y una mejor cognici\u00f3n en la vejez. Un grupo de cient\u00edficos estadounidenses encontraron que, entre cerca de 6.000 adultos mayores, los que segu\u00edan sistem\u00e1ticamente dietas conocidas por contribuir a una buena salud cardiaca tambi\u00e9n ten\u00edan m\u00e1s probabilidades de mantener una funci\u00f3n cognitiva fuerte en la vejez. Una estrecha adhesi\u00f3n a la dieta de la MIND (Mediterranean DASH Intervention for Delayment neurodegenerativo) y la dieta mediterr\u00e1nea se asociaron con un 30 a 35 por ciento menos de riesgo de deterioro cognitivo en adultos mayores sanos. Los investigadores del Instituto Karolinska de Suecia descubrieron que la gente que se adhiere a un patr\u00f3n diet\u00e9tico n\u00f3rdico (incluyendo vegetales no raros, frutas, peces, aves de corral y t\u00e9) disfrut\u00f3 de un mejor estado cognitivo. Otro estudio asoci\u00f3 una dieta poco saludable a los marcadores de inflamaci\u00f3n, menor volumen del cerebro y peor rendimiento cognitivo.<\/p>\n<p style=\"text-align: justify;\">&nbsp;<\/p>\n<p style=\"text-align: justify;\"><strong>El esc\u00e1ner PET revela casos de alzh\u00e9imer mal diagnosticados<\/strong><\/p>\n<p style=\"text-align: justify;\">Los Resultados, presentados en la Conferencia Internacional de la Asociaci\u00f3n de Alzheimer en Londres, se extrajeron tras un an\u00e1lisis durant cuatro a\u00f1os a m\u00e1s de 18.000 Enfermos con deterioro cognitivo leve (MCI) o demencia en el que se buscaba comprobar si sobre cerebros conten\u00edan las placas amiloides, uno de los dos Distintivos de la patolog\u00eda. Los investigadores hallaron que solo el 54,3 por Ciento de los pacientes con MCI y el 70,5 por Ciento de Aquellos que padec\u00edan demencia tenian realmente las placas.<\/p>\n<p style=\"text-align: justify;\">Una prueba positiva en amiloide no significa que alguien padezca alzh\u00e9imer, a\u00fanque sume presencia PRECEDE a la Enfermedad y aumenta el Merkel de que progrese. Una prueba negativa Rechazar categ\u00f3ricamente que se pretenda. Este Descubrimiento podr\u00eda cambiar la forma en que los m\u00e9dicos evaluan a las personas con esta Enfermedad y, por ende, supondr\u00eda un ahorro de dinero en medicamentos inapropiados.<\/p>\n<p style=\"text-align: justify;\">&nbsp;<\/p>\n<p style=\"text-align: justify;\"><strong>Diferencias socioecon\u00f3micas raciales en riesgo e incidencia de demencia<\/strong><\/p>\n<p style=\"text-align: justify;\">Varios estudios reportados al AAIC 2017 confirman las desigualdades raciales en el n\u00famero de personas con enfermedad de Alzheimer y otras demencias en Estados Unidos, incluso despu\u00e9s de los 90 a\u00f1os, y se\u00f1alan una evidencia creciente de que las experiencias de vida estresantes y las condiciones del barrio contribuyen al riesgo de demencia en la vida tardana.Les situaciones de crisis y precariedad de car\u00e1cter econ\u00f3mico y social que atravesar\u00e1 el individuo a lo largo de su vida se traducir\u00e1n en un envejecimiento prematuro del cerebro equivalente a cuatro a\u00f1os respecto al de una persona que haya tenido una vida m\u00e1s sencilla. Los efectos se traducir\u00e1n en una p\u00e9rdida acentuada de sus capacidades intelectuales y su memoria, as\u00ed como un incremento del riesgo de sufrir demencia senil y enfermedades neurodegenerativas como el Alzheimer.<\/p>\n<p style=\"text-align: justify;\">Estos efectos predominan lamentablemente entre los miembros de la comunidad negra de EEUU, que tienen el doble de probabilidades de desarrollar demencia que los blancos. Aunque algunos estudios han se\u00f1alado factores gen\u00e9ticos como la prevalencia de la diabetes y la presi\u00f3n sangu\u00ednea alta entre los negros, un equipo de la Universidad de Wyoming se propuso determinar si la causa podr\u00eda estar en las condiciones socioecon\u00f3micas desfavorecidas de la poblaci\u00f3n negra.<\/p>\n<p style=\"text-align: justify;\">Los investigadores de Wisconsin encontraron que un acontecimiento estresante \u00fanico en la primera vida puede igualar cuatro a\u00f1os de envejecimiento cognitivo, y los afroamericanos tienen m\u00e1s riesgos. En promedio, experimentan m\u00e1s del 60 por ciento m\u00e1s de eventos que los blancos en sus vides.Els afroamericanos y los latinos ten\u00edan los \u00edndices de incidencia m\u00e1s elevados en comparaci\u00f3n con los asi\u00e1ticos americanos y los blancos.<\/p>\n<p style=\"text-align: justify;\">Los estados con mayor mortalidad infantil ten\u00edan un 40 por ciento m\u00e1s de riesgo de demencia en comparaci\u00f3n con los afroamericanos que no son de estos estados, y un 80 por ciento m\u00e1s de riesgo en comparaci\u00f3n con los blancos no de estos estados.<\/p>\n<p style=\"text-align: justify;\"><strong>&nbsp;<\/strong><\/p>\n<p style=\"text-align: justify;\"><strong>Escasez regional de neur\u00f3logos &#8211; Desiertos Neurol\u00f2gics- a trav\u00e9s de EE.UU.<\/strong><\/p>\n<p style=\"text-align: justify;\">Veinte estados de EE.UU. han revelado como Desiertos de la Neurolog\u00eda, debido a una escasez cr\u00f3nica de neur\u00f3logos y un r\u00e1pido aumento de la enfermedad de Alzheimer y otros casos de demencia. Los investigadores de una empresa de salud digital crearon un \u00cdndice de desiertos neurol\u00f3gicos de la enfermedad de Alzheimer y otras demencias (Alzheimer &#8216;s Disease and Related Disorders Index of Desert of Neurology (ANDI)), definido como la proporci\u00f3n de neur\u00f3logos con poblaci\u00f3n de Alzheimer \/ demencia. Wyoming, Dakota del Norte, Carolina del Sur, Dakota del Sur y Oklahoma se revelaron como los cinco estados con la brecha m\u00e1s significativa proyectada entre la fuerza laboral de neurolog\u00eda disponible y las necesidades de salud de las personas con demencia. Con el envejecimiento continuo de la poblaci\u00f3n, se necesitan recursos adicionales, capacitaci\u00f3n y educaci\u00f3n para los m\u00e9dicos de atenci\u00f3n primaria y los cuidadores, especialmente en los estados identificados.&nbsp;<\/p>\n<p style=\"text-align: justify;\">&nbsp;<\/p>\n<p style=\"text-align: justify;\"><strong>El Instituto Nacional sobre el Envejecimiento de Estados Unidos comparte becas inaugurales sobre disparidades raciales en el Alzheimer<\/strong><\/p>\n<p style=\"text-align: justify;\">Al AAIC 2017, el Instituto Nacional sobre el Envejecimiento (NIA) de EE.UU., destac\u00f3 nuevas becas de investigaci\u00f3n para investigar las disparidades en salud en el Alzheimer. Seg\u00fan datos y cifras de la enfermedad de alzheimer del Alzheimer del a\u00f1o 2017, los afroamericanos tienen el doble de probabilidades de tener Alzheimer que los blancos, y los hispanos tienen m\u00e1s o menos la probabilidad de una vez y media. Sin embargo, estas poblaciones est\u00e1n poco representadas en la b\u00fasqueda de Alzheimer y demencia. Seg\u00fan la NIA, \u00abCuando las cohortes [de investigaci\u00f3n] son \u200b\u200bdiversas, se pueden identificar nuevas v\u00edas que enlazan factores ambientales, socioculturales, conductuales y biol\u00f3gicos\u00bb.<\/p>\n<p style=\"text-align: justify;\">&nbsp;<\/p>\n<p style=\"text-align: justify;\"><strong>Prometiendo un estudio precoz de la prueba de sangre para detectar amiloides<\/strong><\/p>\n<p style=\"text-align: justify;\">La investigaci\u00f3n ha establecido que hay una conexi\u00f3n entre el Alzheimer y la acumulaci\u00f3n de prote\u00ednas amiloides en placas del cerebro. Para los s\u00edntomas de la demencia de una persona causada por el Alzheimer, las placas amiloides deben estar presentes. Actualmente, un an\u00e1lisis o an\u00e1lisis PET del l\u00edquido cefalorraqu\u00eddeo puede detectar la deposici\u00f3n amiloide en el cerebro. Sin embargo, hay una necesidad urgente de una prueba m\u00e1s sencilla, menos invasiva y menos costosa para los amiloides, como una prueba de sangre. En la Conferencia Internacional de la Asociaci\u00f3n de Alzheimer 2017, los investigadores de la Facultad de Medicina de la Universidad de Washington presentaban resultados prometedores de su investigaci\u00f3n sobre un biomarcador sangu\u00edneo de amiloide en un peque\u00f1o grupo de estudio, adem\u00e1s de una muestra de validaci\u00f3n.<\/p>\n<p style=\"text-align: justify;\">&nbsp;<\/p>\n<p style=\"text-align: justify;\">La Conferencia Internacional sobre el Alzheimer Association (AAIC) es la reuni\u00f3n m\u00e1s grande del mundo de investigadores de todo el mundo centrados en el Alzheimer y otras demencias. Como parte del programa de investigaci\u00f3n de la Asociaci\u00f3n Alzheimer de EE.UU., la AAIC act\u00faa como catalizador para generar nuevos conocimientos sobre demencia y fomentar una comunidad investigadora vital y colegial.<\/p>\n<p style=\"text-align: justify;\">&nbsp;&nbsp;<\/p>\n<p style=\"text-align: justify;\"><em>Font :&nbsp;www.alz.org\/aaic &nbsp;\/\/ Traducci\u00f3 al catal\u00e0 X.R.&nbsp;<\/em><\/p>\n<p style=\"text-align: justify;\">&nbsp;<\/p>\n","protected":false},"excerpt":{"rendered":"<p>&nbsp; Los nuevos resultados de la investigaci&oacute;n presentados en la Conferencia Internacional de la Asociaci&oacute;n de Alzheimer 2017 (AAIC 2017) realizada entre los d&iacute;as 16 y 20 de julio en<\/p>\n<div><a href=\"https:\/\/afabaix.org\/es\/las-aportaciones-hechas-en-la-conferencia-internacional-de-la-alzheimers-association\/\" class=\"exp-read-more exp-read-more-underlined\">Read More<\/a><\/div>\n","protected":false},"author":2,"featured_media":16889,"comment_status":"closed","ping_status":"closed","sticky":false,"template":"","format":"standard","meta":{"footnotes":""},"categories":[],"tags":[],"class_list":["post-16891","post","type-post","status-publish","format-standard","has-post-thumbnail","hentry"],"_links":{"self":[{"href":"https:\/\/afabaix.org\/es\/wp-json\/wp\/v2\/posts\/16891","targetHints":{"allow":["GET"]}}],"collection":[{"href":"https:\/\/afabaix.org\/es\/wp-json\/wp\/v2\/posts"}],"about":[{"href":"https:\/\/afabaix.org\/es\/wp-json\/wp\/v2\/types\/post"}],"author":[{"embeddable":true,"href":"https:\/\/afabaix.org\/es\/wp-json\/wp\/v2\/users\/2"}],"replies":[{"embeddable":true,"href":"https:\/\/afabaix.org\/es\/wp-json\/wp\/v2\/comments?post=16891"}],"version-history":[{"count":1,"href":"https:\/\/afabaix.org\/es\/wp-json\/wp\/v2\/posts\/16891\/revisions"}],"predecessor-version":[{"id":21548,"href":"https:\/\/afabaix.org\/es\/wp-json\/wp\/v2\/posts\/16891\/revisions\/21548"}],"wp:featuredmedia":[{"embeddable":true,"href":"https:\/\/afabaix.org\/es\/wp-json\/wp\/v2\/media\/16889"}],"wp:attachment":[{"href":"https:\/\/afabaix.org\/es\/wp-json\/wp\/v2\/media?parent=16891"}],"wp:term":[{"taxonomy":"category","embeddable":true,"href":"https:\/\/afabaix.org\/es\/wp-json\/wp\/v2\/categories?post=16891"},{"taxonomy":"post_tag","embeddable":true,"href":"https:\/\/afabaix.org\/es\/wp-json\/wp\/v2\/tags?post=16891"}],"curies":[{"name":"wp","href":"https:\/\/api.w.org\/{rel}","templated":true}]}}