
{"id":16912,"date":"2017-08-10T10:38:44","date_gmt":"2017-08-10T10:38:44","guid":{"rendered":"https:\/\/lacuinade.timit2003.com\/afabaix2\/noticia\/un-nuevo-descubrimiento-podria-ayudar-revertir-la-perdida-de-memoria-por-el-alzheimer\/"},"modified":"2021-06-25T14:45:53","modified_gmt":"2021-06-25T14:45:53","slug":"un-nuevo-descubrimiento-podria-ayudar-revertir-la-perdida-de-memoria-por-el-alzheimer","status":"publish","type":"post","link":"https:\/\/afabaix.org\/es\/un-nuevo-descubrimiento-podria-ayudar-revertir-la-perdida-de-memoria-por-el-alzheimer\/","title":{"rendered":"Un nuevo descubrimiento podr\u00eda ayudar a revertir la p\u00e9rdida de memoria por el Alzheimer."},"content":{"rendered":"<p style=\"text-align: justify;\">&nbsp;<\/p>\n<p style=\"text-align: justify;\">Un estudio del Instituto Tecnol\u00f3gico de Massachusetts (MIT) publicado este martes afirma que mediante el bloqueo de una enzima que afecta a algunos genes es posible revertir la p\u00e9rdida de memoria en los casos de Alzheimer.<\/p>\n<p style=\"text-align: justify;\">Los autores del estudio publicado en la revista cient\u00edfica \u201cCell Reports\u201d afirman haber encontrado un mecanismo que, en ratones de laboratorio, bloquea espec\u00edficamente la enzima HDAC2 en su acci\u00f3n degenerativa de la memoria, sin causar da\u00f1os colaterales.<\/p>\n<p style=\"text-align: justify;\">\u201cEsto es emocionante porque por primera vez hemos encontrado un mecanismo espec\u00edfico por el cual la HDAC2 regula la expresi\u00f3n gen\u00e9tica sin\u00e1ptica\u201d, afirm\u00f3 hoy Li-Huei Tsai, directora del Instituto de Aprendizaje y Memoria Picower de MIT e investigadora s\u00e9nior del estudio.<\/p>\n<p style=\"text-align: justify;\">Los cient\u00edficos descubrieron que la enzima HDAC2 se une a otra denominada Sp3 formando una uni\u00f3n que \u201ccondensa firmemente\u201d los genes relacionados con la memoria, lo que impide su desarrollo.<\/p>\n<p style=\"text-align: justify;\">Los investigadores utilizaron un fragmento relativamente grande de prote\u00edna que interfiere con la HDAC2 para evitar que se uniera a la Sp3 y por lo mismo se redujera su efecto debilitador de la memoria.<\/p>\n<p style=\"text-align: justify;\">Ahora Hidekuni Yamakawa, Jemmie Cheng y Jay Penney, investigadores l\u00edderes del estudio, buscar\u00e1n mol\u00e9culas m\u00e1s peque\u00f1as que cumplan esta misma funci\u00f3n disociadora y que puedan ser administradas como medicamentos.<\/p>\n<p style=\"text-align: justify;\">Hasta ahora la mayor\u00eda de drogas inhibitorias de las enzimas HDAC, que presentan m\u00e1s de una docena de formas, tambi\u00e9n bloqueaban otras como la HDAC-1, lo que pod\u00eda tener efectos t\u00f3xicos, pues esta enzima es necesaria \u201cpara la proliferaci\u00f3n de las c\u00e9lulas especialmente en la producci\u00f3n de gl\u00f3bulos blancos y rojos\u201d.<\/p>\n<p style=\"text-align: justify;\">Para llegar a la identificaci\u00f3n de la funci\u00f3n espec\u00edfica de la HDAC2, los investigadores analizaron tejidos de un grupo de personas fallecidas que no sufr\u00edan de Alzheimer, de las cuales 28 ten\u00edan niveles altos de la enzima y 35 niveles bajos.<\/p>\n<p style=\"text-align: justify;\">El an\u00e1lisis condujo a la identificaci\u00f3n de aproximadamente 2.000 genes con niveles similares a la HDAC2 de los cuales -a partir de la informaci\u00f3n de sus funciones- los investigadores eligieron tres para ex\u00e1menes posteriores.<\/p>\n<p style=\"text-align: justify;\">El estudio de estos tres genes llev\u00f3 a la identificaci\u00f3n de la Sp3 como la enzima ligada a la HDAC2 para la supresi\u00f3n de las c\u00e9lulas de la memoria.<\/p>\n<p style=\"text-align: justify;\">Posteriormente la investigaci\u00f3n encontr\u00f3 que desactivando la Sp3 en ratones utilizados como modelos de Alzheimer se restablec\u00eda la habilidad de la memoria a largo plazo.<\/p>\n<p style=\"text-align: justify;\">Tsai anunci\u00f3 que espera continuar investigaciones sobre la HDAC2 que tambi\u00e9n aparece en niveles altos en otras enfermedades, como el caso de los pacientes con Trastorno por Estr\u00e9s Postraum\u00e1tico (PTSD, por sus siglas en ingl\u00e9s).<\/p>\n<p style=\"text-align: justify;\">&nbsp;<\/p>\n<p style=\"text-align: justify;\"><em>Fuente: www.lavanguardia.com<\/em><\/p>\n","protected":false},"excerpt":{"rendered":"<p>&nbsp; Un estudio del Instituto Tecnol&oacute;gico de Massachusetts (MIT) publicado este martes afirma que mediante el bloqueo de una enzima que afecta a algunos genes es posible revertir la p&eacute;rdida<\/p>\n<div><a href=\"https:\/\/afabaix.org\/es\/un-nuevo-descubrimiento-podria-ayudar-revertir-la-perdida-de-memoria-por-el-alzheimer\/\" class=\"exp-read-more exp-read-more-underlined\">Read More<\/a><\/div>\n","protected":false},"author":2,"featured_media":16913,"comment_status":"closed","ping_status":"closed","sticky":false,"template":"","format":"standard","meta":{"footnotes":""},"categories":[],"tags":[],"class_list":["post-16912","post","type-post","status-publish","format-standard","has-post-thumbnail","hentry"],"_links":{"self":[{"href":"https:\/\/afabaix.org\/es\/wp-json\/wp\/v2\/posts\/16912","targetHints":{"allow":["GET"]}}],"collection":[{"href":"https:\/\/afabaix.org\/es\/wp-json\/wp\/v2\/posts"}],"about":[{"href":"https:\/\/afabaix.org\/es\/wp-json\/wp\/v2\/types\/post"}],"author":[{"embeddable":true,"href":"https:\/\/afabaix.org\/es\/wp-json\/wp\/v2\/users\/2"}],"replies":[{"embeddable":true,"href":"https:\/\/afabaix.org\/es\/wp-json\/wp\/v2\/comments?post=16912"}],"version-history":[{"count":1,"href":"https:\/\/afabaix.org\/es\/wp-json\/wp\/v2\/posts\/16912\/revisions"}],"predecessor-version":[{"id":21536,"href":"https:\/\/afabaix.org\/es\/wp-json\/wp\/v2\/posts\/16912\/revisions\/21536"}],"wp:featuredmedia":[{"embeddable":true,"href":"https:\/\/afabaix.org\/es\/wp-json\/wp\/v2\/media\/16913"}],"wp:attachment":[{"href":"https:\/\/afabaix.org\/es\/wp-json\/wp\/v2\/media?parent=16912"}],"wp:term":[{"taxonomy":"category","embeddable":true,"href":"https:\/\/afabaix.org\/es\/wp-json\/wp\/v2\/categories?post=16912"},{"taxonomy":"post_tag","embeddable":true,"href":"https:\/\/afabaix.org\/es\/wp-json\/wp\/v2\/tags?post=16912"}],"curies":[{"name":"wp","href":"https:\/\/api.w.org\/{rel}","templated":true}]}}