
{"id":17048,"date":"2017-12-12T19:13:28","date_gmt":"2017-12-12T19:13:28","guid":{"rendered":"https:\/\/lacuinade.timit2003.com\/afabaix2\/noticia\/interceptor-el-programa-italiano-para-detectar-el-alzheimer-en-sus-inicios\/"},"modified":"2021-06-25T14:45:50","modified_gmt":"2021-06-25T14:45:50","slug":"interceptor-el-programa-italiano-para-detectar-el-alzheimer-en-sus-inicios","status":"publish","type":"post","link":"https:\/\/afabaix.org\/es\/interceptor-el-programa-italiano-para-detectar-el-alzheimer-en-sus-inicios\/","title":{"rendered":"\u00abInterceptor\u00bb, el programa italiano para detectar el alzheimer en sus inicios."},"content":{"rendered":"<p style=\"text-align: justify;\">&nbsp;<\/p>\n<p style=\"text-align: justify;\">Italia trabaja en un programa llamado \u00abInterceptor\u00bb, un nuevo intento de detectar a las personas que tienen alto riesgo de desarrollar alzh\u00e9imer para poder frenar el proceso y prevenir sus da\u00f1os con f\u00e1rmacos adecuados.<\/p>\n<p style=\"text-align: justify;\">La iniciativa ha sido promovida por el Ministerio de Sanidad de Italia en colaboraci\u00f3n con la Agencia Italiana del F\u00e1rmaco (AIFA) y tiene como objetivo identificar a los pacientes que son m\u00e1s propensos a sufrir esta enfermedad para conocer las causas antes de que desarrollen esta patolog\u00eda cerebral que actualmente no tiene cura.<\/p>\n<p style=\"text-align: justify;\">Seg\u00fan la Agencia del F\u00e1rmaco del pa\u00eds, \u00abes la primera iniciativa en el mundo que se centrar\u00e1 en pacientes a\u00fan en fase prod\u00f3mica para identificar a aquellos ciudadanos que podr\u00e1n utilizar los medicamentos para el alzh\u00e9imer, que estar\u00e1n disponibles en los pr\u00f3ximos a\u00f1os, de forma m\u00e1s eficaz\u00bb.<\/p>\n<p style=\"text-align: justify;\">El programa pretende que \u00ablos pacientes puedan disponer de terapias adecuadas que atajen esta enfermedad tan pronto como hayan completado con \u00e9xito el proceso de ensayo cl\u00ednico\u00bb, ha explicado el director de AIFA, Mario Melazzini.<\/p>\n<p style=\"text-align: justify;\">\u00abInterceptor\u00bb comenzar\u00e1 a aplicarse en la primera mitad del 2018, tendr\u00e1 una duraci\u00f3n de 54 semanas y estudiar\u00e1 a un grupo de 400 pacientes, todos voluntarios y de edades comprendidas entre los 50 y los 85 a\u00f1os, que presentan leves problemas cognitivos y p\u00e9rdidas de memoria ocasionales.<\/p>\n<p style=\"text-align: justify;\">Estas personas ser\u00e1n atendidas en cinco centros del pa\u00eds especializados en el diagn\u00f3stico y el tratamiento del alzh\u00e9imer y se someter\u00e1n a una serie de an\u00e1lisis que se les practicar\u00e1 cada seis meses durante tres a\u00f1os.<\/p>\n<p style=\"text-align: justify;\">En este tiempo, el personal sanitario evaluar\u00e1 a los pacientes con ex\u00e1menes neurol\u00f3gicos, an\u00e1lisis biol\u00f3gicos y gen\u00e9ticos, electroencefalogramas y resonancias magn\u00e9ticas.<\/p>\n<p style=\"text-align: justify;\">Despu\u00e9s, un equipo de expertos realizar\u00e1 un informe que servir\u00e1 para conocer con mayor precisi\u00f3n c\u00f3mo evoluciona y se comporta esta enfermedad en los tres a\u00f1os siguientes a su diagn\u00f3stico inicial.<\/p>\n<p style=\"text-align: justify;\">Adem\u00e1s, los cient\u00edficos que participan en este proyecto tomar\u00e1n una serie de muestras biol\u00f3gicas, entre ellas ADN pero no solo, de los voluntarios para conservarlas en espacios habilitados para ello a una temperatura de &#8211; 80 \u00b0C, con la intenci\u00f3n de protegerlas y poder someterlas a ex\u00e1menes posteriores si fuera necesario en el futuro.<\/p>\n<p style=\"text-align: justify;\">\u00abInterceptor\u00bb se dirige principalmente a las personas que tienen un elevado riesgo de desarrollar esta patolog\u00eda y no tanto a aquellos que ya la padecen.<\/p>\n<p style=\"text-align: justify;\">El objetivo es comprender qu\u00e9 s\u00edntomas presentan, por ejemplo la p\u00e9rdida de memoria o los cambios en el car\u00e1cter y en el comportamiento, antes de que la enfermedad avance demasiado y sufran da\u00f1os cerebrales irreversibles.<\/p>\n<p style=\"text-align: justify;\">Si el riesgo de tener alzh\u00e9imer se detecta en su fase temprana, estas personas podr\u00e1n medicarse y contrarrestar o frenar su avance con \u00e9xito, estima el Ejecutivo italiano.<\/p>\n<p style=\"text-align: justify;\">La ministra de Sanidad de Italia, Beatrice Lorenzin, ha recordado recientemente que en la actualidad hay unos 50 medicamentos para frenar el alzh\u00e9imer que est\u00e1n siendo experimentados y que estar\u00e1n disponibles en los pr\u00f3ximos ocho a\u00f1os.<\/p>\n<p style=\"text-align: justify;\">En Italia los casos de demencia superan el mill\u00f3n de personas y de ellas hay 600.000 que est\u00e1n diagnosticadas con alzh\u00e9imer.<\/p>\n<p style=\"text-align: justify;\">Adem\u00e1s, cerca de 735.000 presentan s\u00edntomas de deterioro cognitivo leve y de ellas el 50 % desarrollar\u00e1 alzh\u00e9imer en el futuro, seg\u00fan cifras oficiales.<\/p>\n<p style=\"text-align: justify;\">El Gobierno italiano apoya este proyecto que precisar\u00e1 de una financiaci\u00f3n de casi 4 millones de euros (unos 4,71 millones de d\u00f3lares).<\/p>\n<p style=\"text-align: justify;\">\u00abCon estos instrumentos, cuando los f\u00e1rmacos est\u00e9n disponibles podremos curar a miles, si no millones, de personas de un modo adecuado y seguro\u00bb, confi\u00f3 Lorenzin.<\/p>\n<p style=\"text-align: justify;\">Seg\u00fan la Asociaci\u00f3n Internacional de Alzheimer, cada tres segundos una persona es diagnosticada con demencia en el mundo, en el 70 % de los casos con alzh\u00e9imer.<\/p>\n<p style=\"text-align: justify;\">La Fundaci\u00f3n Pasqual Maragall, especializada en la investigaci\u00f3n sobre el alzh\u00e9imer, asegur\u00f3 el pasado a\u00f1o que medicamentos de \u00faltima generaci\u00f3n que no logran frenar el avance de esta enfermedad ya diagnosticada podr\u00edan ser eficaces si se administrasen a\u00f1os antes de su aparici\u00f3n.<\/p>\n<p style=\"text-align: justify;\">&nbsp;<\/p>\n<p style=\"text-align: justify;\"><em>Font: EFE<\/em><\/p>\n<p>&nbsp;<\/p>\n<p>&nbsp;<\/p>\n","protected":false},"excerpt":{"rendered":"<p>&nbsp; Italia trabaja en un programa llamado &laquo;Interceptor&raquo;, un nuevo intento de detectar a las personas que tienen alto riesgo de desarrollar alzh&eacute;imer para poder frenar el proceso y prevenir<\/p>\n<div><a href=\"https:\/\/afabaix.org\/es\/interceptor-el-programa-italiano-para-detectar-el-alzheimer-en-sus-inicios\/\" class=\"exp-read-more exp-read-more-underlined\">Read More<\/a><\/div>\n","protected":false},"author":2,"featured_media":17049,"comment_status":"closed","ping_status":"closed","sticky":false,"template":"","format":"standard","meta":{"footnotes":""},"categories":[],"tags":[],"class_list":["post-17048","post","type-post","status-publish","format-standard","has-post-thumbnail","hentry"],"_links":{"self":[{"href":"https:\/\/afabaix.org\/es\/wp-json\/wp\/v2\/posts\/17048","targetHints":{"allow":["GET"]}}],"collection":[{"href":"https:\/\/afabaix.org\/es\/wp-json\/wp\/v2\/posts"}],"about":[{"href":"https:\/\/afabaix.org\/es\/wp-json\/wp\/v2\/types\/post"}],"author":[{"embeddable":true,"href":"https:\/\/afabaix.org\/es\/wp-json\/wp\/v2\/users\/2"}],"replies":[{"embeddable":true,"href":"https:\/\/afabaix.org\/es\/wp-json\/wp\/v2\/comments?post=17048"}],"version-history":[{"count":1,"href":"https:\/\/afabaix.org\/es\/wp-json\/wp\/v2\/posts\/17048\/revisions"}],"predecessor-version":[{"id":21470,"href":"https:\/\/afabaix.org\/es\/wp-json\/wp\/v2\/posts\/17048\/revisions\/21470"}],"wp:featuredmedia":[{"embeddable":true,"href":"https:\/\/afabaix.org\/es\/wp-json\/wp\/v2\/media\/17049"}],"wp:attachment":[{"href":"https:\/\/afabaix.org\/es\/wp-json\/wp\/v2\/media?parent=17048"}],"wp:term":[{"taxonomy":"category","embeddable":true,"href":"https:\/\/afabaix.org\/es\/wp-json\/wp\/v2\/categories?post=17048"},{"taxonomy":"post_tag","embeddable":true,"href":"https:\/\/afabaix.org\/es\/wp-json\/wp\/v2\/tags?post=17048"}],"curies":[{"name":"wp","href":"https:\/\/api.w.org\/{rel}","templated":true}]}}