
{"id":17126,"date":"2018-01-23T13:11:28","date_gmt":"2018-01-23T13:11:28","guid":{"rendered":"https:\/\/lacuinade.timit2003.com\/afabaix2\/noticia\/el-club-rotary-del-prat-distingue-la-afa-baix-llobregat-con-la-placa-rotaria\/"},"modified":"2021-06-25T14:45:48","modified_gmt":"2021-06-25T14:45:48","slug":"el-club-rotary-del-prat-distingue-la-afa-baix-llobregat-con-la-placa-rotaria","status":"publish","type":"post","link":"https:\/\/afabaix.org\/es\/el-club-rotary-del-prat-distingue-la-afa-baix-llobregat-con-la-placa-rotaria\/","title":{"rendered":"El Club Rotary del Prat distingue la AFA Baix Llobregat con la placa rotaria."},"content":{"rendered":"<p style=\"text-align: justify;\">&nbsp;<\/p>\n<p style=\"text-align: justify;\">Cerca de un centenar de personas respondieron a la convocatoria de la tradicional cena de Navidad que organiza conjuntamente los rotarios y la asociaci\u00f3n local contra el c\u00e1ncer, donde el Club otorg\u00f3 la Placa Rotaria 2017 y hizo la entrega del galard\u00f3n que lleva el nombre del fundador de Rotary International.<\/p>\n<p style=\"text-align: justify;\">El A.E.C.C. como explic\u00f3 su presidenta, M\u00aa Rosa Blanco, organiz\u00f3 un sorteo que todo lo recaudado va directamente al Servicio Oncol\u00f3gico de C\u00e1ncer Infantil del Hospital San Juan de Dios.<\/p>\n<p style=\"text-align: justify;\">&nbsp;<\/p>\n<p style=\"text-align: justify;\">PLACA ROTARIA 2017<\/p>\n<p style=\"text-align: justify;\">Este a\u00f1o el Rotary club del Prat ha decidido, por unanimidad, otorgar la distinci\u00f3n de la placa rotaria a la \u00abASOCIACI\u00d3N DE FAMILIAR DE ALZHEIMER\u00bb en reconocimiento por su labor de ayuda y mejora de la calidad de vida de los afectados por la enfermedad de Alzheimer de el Prat y de la comarca del Baix Llobregat, as\u00ed como la de sus familiares y cuidadores, desde que se fund\u00f3 en 1994.<\/p>\n<p style=\"text-align: justify;\">La Placa fue entregada por la presidenta del Rotary Club de El Prat, Yolanda Mart\u00ednez, la presidenta de la AFA Barcelona, \u200b\u200bM\u00ba Rosa Giner, que en su parlamento de agradecimiento particularizar la incidencia, cada vez m\u00e1s presente , que tiene esta enfermedad en nuestra sociedad, tambi\u00e9n detall\u00f3 la historia de servicio de la Asociaci\u00f3n desde su fundaci\u00f3n y los retos que tienen hoy en d\u00eda de cara el futuro.<\/p>\n<p style=\"text-align: justify;\"><em>Desde AFA Baix Llobregat, \u200b\u200bqueremos agradecer el reconocimiento recibido por parte del Club Rotary El Prat. Muchas gracias por valorar nuestro trabajo!<\/em><\/p>\n<p style=\"text-align: justify;\">&nbsp;<\/p>\n","protected":false},"excerpt":{"rendered":"<p>&nbsp; Cerca de un centenar de personas respondieron a la convocatoria de la tradicional cena de Navidad que organiza conjuntamente los rotarios y la asociaci&oacute;n local contra el c&aacute;ncer, donde<\/p>\n<div><a href=\"https:\/\/afabaix.org\/es\/el-club-rotary-del-prat-distingue-la-afa-baix-llobregat-con-la-placa-rotaria\/\" class=\"exp-read-more exp-read-more-underlined\">Read More<\/a><\/div>\n","protected":false},"author":2,"featured_media":17124,"comment_status":"closed","ping_status":"closed","sticky":false,"template":"","format":"standard","meta":{"footnotes":""},"categories":[],"tags":[],"class_list":["post-17126","post","type-post","status-publish","format-standard","has-post-thumbnail","hentry"],"_links":{"self":[{"href":"https:\/\/afabaix.org\/es\/wp-json\/wp\/v2\/posts\/17126","targetHints":{"allow":["GET"]}}],"collection":[{"href":"https:\/\/afabaix.org\/es\/wp-json\/wp\/v2\/posts"}],"about":[{"href":"https:\/\/afabaix.org\/es\/wp-json\/wp\/v2\/types\/post"}],"author":[{"embeddable":true,"href":"https:\/\/afabaix.org\/es\/wp-json\/wp\/v2\/users\/2"}],"replies":[{"embeddable":true,"href":"https:\/\/afabaix.org\/es\/wp-json\/wp\/v2\/comments?post=17126"}],"version-history":[{"count":1,"href":"https:\/\/afabaix.org\/es\/wp-json\/wp\/v2\/posts\/17126\/revisions"}],"predecessor-version":[{"id":21433,"href":"https:\/\/afabaix.org\/es\/wp-json\/wp\/v2\/posts\/17126\/revisions\/21433"}],"wp:featuredmedia":[{"embeddable":true,"href":"https:\/\/afabaix.org\/es\/wp-json\/wp\/v2\/media\/17124"}],"wp:attachment":[{"href":"https:\/\/afabaix.org\/es\/wp-json\/wp\/v2\/media?parent=17126"}],"wp:term":[{"taxonomy":"category","embeddable":true,"href":"https:\/\/afabaix.org\/es\/wp-json\/wp\/v2\/categories?post=17126"},{"taxonomy":"post_tag","embeddable":true,"href":"https:\/\/afabaix.org\/es\/wp-json\/wp\/v2\/tags?post=17126"}],"curies":[{"name":"wp","href":"https:\/\/api.w.org\/{rel}","templated":true}]}}