
{"id":17694,"date":"2018-10-23T15:27:34","date_gmt":"2018-10-23T15:27:34","guid":{"rendered":"https:\/\/lacuinade.timit2003.com\/afabaix2\/noticia\/todas-las-imagenes-de-la-memoria-esta-de-moda-2018-en-cornella-0\/"},"modified":"2021-06-25T14:45:17","modified_gmt":"2021-06-25T14:45:17","slug":"todas-las-imagenes-de-la-memoria-esta-de-moda-2018-en-cornella-0","status":"publish","type":"post","link":"https:\/\/afabaix.org\/es\/todas-las-imagenes-de-la-memoria-esta-de-moda-2018-en-cornella-0\/","title":{"rendered":"\u00a1Todas las im\u00e1genes de La Mem\u00f2ria est\u00e0 de Moda 2018 en Cornell\u00e0!"},"content":{"rendered":"<p>&nbsp;<\/p>\n<p>En la subsecci\u00f3n \u00abDesfiles\u00bb de la secci\u00f3n \u00abGaler\u00edas\u00bb, ya tienen colgadas todas las im\u00e1genes que nos ofreci\u00f3 la edici\u00f3n cornellanense 2018 de La Memoria est\u00e1 de Moda \u00ab, como siempre todo un espect\u00e1culo!<\/p>\n<p><span style=\"font-size: 13.008px; line-height: 1.538em;\">Gracias a todos los participantes, asistentes, comercios y empresas que hab\u00e9is colaborado en esta ya tradicional Desfilada, sin vosotros no hubiera sido posible!<\/span><\/p>\n<p>&nbsp;<\/p>\n<p>Fotos hechas por Ernesto Aradilla.<\/p>\n<p><a style=\"text-decoration: underline; font-size: 13.008px; line-height: 20.0063px;\" href=\"http:\/\/www.afabaix.org\/ca\/galeria\/desfilades\/la-memoria-esta-de-moda-2018-cornella\" target=\"_blank\" rel=\"noopener\">Clique aqu\u00ed para acceder directamente a la galer\u00eda de im\u00e1genes.<\/a><\/p>\n","protected":false},"excerpt":{"rendered":"<p>&nbsp; En la subsecci&oacute;n &laquo;Desfiles&raquo; de la secci&oacute;n &laquo;Galer&iacute;as&raquo;, ya tienen colgadas todas las im&aacute;genes que nos ofreci&oacute; la edici&oacute;n cornellanense 2018 de La Memoria est&aacute; de Moda &laquo;, como<\/p>\n<div><a href=\"https:\/\/afabaix.org\/es\/todas-las-imagenes-de-la-memoria-esta-de-moda-2018-en-cornella-0\/\" class=\"exp-read-more exp-read-more-underlined\">Read More<\/a><\/div>\n","protected":false},"author":2,"featured_media":17695,"comment_status":"closed","ping_status":"closed","sticky":false,"template":"","format":"standard","meta":{"footnotes":""},"categories":[],"tags":[],"class_list":["post-17694","post","type-post","status-publish","format-standard","has-post-thumbnail","hentry"],"_links":{"self":[{"href":"https:\/\/afabaix.org\/es\/wp-json\/wp\/v2\/posts\/17694","targetHints":{"allow":["GET"]}}],"collection":[{"href":"https:\/\/afabaix.org\/es\/wp-json\/wp\/v2\/posts"}],"about":[{"href":"https:\/\/afabaix.org\/es\/wp-json\/wp\/v2\/types\/post"}],"author":[{"embeddable":true,"href":"https:\/\/afabaix.org\/es\/wp-json\/wp\/v2\/users\/2"}],"replies":[{"embeddable":true,"href":"https:\/\/afabaix.org\/es\/wp-json\/wp\/v2\/comments?post=17694"}],"version-history":[{"count":1,"href":"https:\/\/afabaix.org\/es\/wp-json\/wp\/v2\/posts\/17694\/revisions"}],"predecessor-version":[{"id":21151,"href":"https:\/\/afabaix.org\/es\/wp-json\/wp\/v2\/posts\/17694\/revisions\/21151"}],"wp:featuredmedia":[{"embeddable":true,"href":"https:\/\/afabaix.org\/es\/wp-json\/wp\/v2\/media\/17695"}],"wp:attachment":[{"href":"https:\/\/afabaix.org\/es\/wp-json\/wp\/v2\/media?parent=17694"}],"wp:term":[{"taxonomy":"category","embeddable":true,"href":"https:\/\/afabaix.org\/es\/wp-json\/wp\/v2\/categories?post=17694"},{"taxonomy":"post_tag","embeddable":true,"href":"https:\/\/afabaix.org\/es\/wp-json\/wp\/v2\/tags?post=17694"}],"curies":[{"name":"wp","href":"https:\/\/api.w.org\/{rel}","templated":true}]}}