
{"id":17948,"date":"2019-01-29T13:39:16","date_gmt":"2019-01-29T13:39:16","guid":{"rendered":"https:\/\/lacuinade.timit2003.com\/afabaix2\/noticia\/no-este-analisis-de-sangre-no-predice-el-alzheimer-con-16-anos-de-antelacion-pero-si-dice\/"},"modified":"2021-06-25T14:44:38","modified_gmt":"2021-06-25T14:44:38","slug":"no-este-analisis-de-sangre-no-predice-el-alzheimer-con-16-anos-de-antelacion-pero-si-dice","status":"publish","type":"post","link":"https:\/\/afabaix.org\/es\/no-este-analisis-de-sangre-no-predice-el-alzheimer-con-16-anos-de-antelacion-pero-si-dice\/","title":{"rendered":"No, este an\u00e1lisis de sangre no predice el alzh\u00e9imer con 16 a\u00f1os de antelaci\u00f3n (pero s\u00ed dice mucho de lo que pasa en tu cerebro)."},"content":{"rendered":"<p style=\"text-align: justify;\">&nbsp;<\/p>\n<p style=\"text-align: justify;\">Si sigues de cerca la actualidad en el campo del alzh\u00e9imer seguramente habr\u00e1s le\u00eddo titulares que sugieren que <a href=\"https:\/\/afabaix.org\/es\/content\/un-nuevo-analisis-de-sangre-puede-detectar-el-alzheimer-10-anos-antes-de-que-aparezca\" target=\"_blank\" rel=\"noopener noreferrer\">es posible detectar la enfermedad mediante una anal\u00edtica de sangre hasta 16 a\u00f1os de antes de que los s\u00edntomas sean evidentes.<\/a><\/p>\n<p style=\"text-align: justify;\">\u00bfEn qu\u00e9 se \u00abinspiran\u00bb esos titulares? Pues en un estudio publicado recientemente en la revista Nature Medicineen el que se logr\u00f3 medir en sangre una prote\u00edna que indica que el cerebro est\u00e1 experimentando da\u00f1os.<\/p>\n<p style=\"text-align: justify;\">En este estudio en espec\u00edfico se observ\u00f3 que en un grupo de personas portadoras de una mutaci\u00f3n gen\u00e9tica que los aboca casi que irremediablemente a padecer alzh\u00e9imer, la elevaci\u00f3n de los niveles de una prote\u00edna en sangre permit\u00eda diferenciarlos de otros miembros de la familia que no eran portadores de esa mutaci\u00f3n.<\/p>\n<p style=\"text-align: justify;\">Es decir, los cambios en los niveles de la prote\u00edna permiten distinguir a quienes terminar\u00e1n desarrollando la enfermedad.<\/p>\n<p style=\"text-align: justify;\">&nbsp;<\/p>\n<p style=\"text-align: justify;\">VALE, \u00bfD\u00d3NDE EST\u00c1 EL TRUCO?&nbsp;<\/p>\n<p style=\"text-align: justify;\">Es importante tener presente algo: los investigadores sab\u00edan qui\u00e9nes terminar\u00edan padeciendo la enfermedad, de hecho, hasta conoc\u00edan el tiempo estimado de inicio de los s\u00edntomas, porque es generalmente estable en cada mutaci\u00f3n.<\/p>\n<p style=\"text-align: justify;\">Ese conocimiento previo permiti\u00f3 interpretar los cambios en los niveles de la prote\u00edna.<\/p>\n<p style=\"text-align: justify;\">Ahora, cambiemos el escenario. Imagina que t\u00fa o un familiar van a una consulta m\u00e9dica, le miden el nivel de la prote\u00edna y da elevado, \u00bfalzh\u00e9imer?<\/p>\n<p style=\"text-align: justify;\">Pues no, porque esa prote\u00edna no solo delata los da\u00f1os que causa el alzh\u00e9imer, sino que se asocia al da\u00f1o neuronal en general, ya sea por alzh\u00e9imer, por esclerosis m\u00faltiple o por un traumatismo.<\/p>\n<p style=\"text-align: justify;\">Por cierto, a\u00fan no te he mencionado el nombre de la prote\u00edna: es la prote\u00edna ligera de los neurofilamentos (NfL), que forma parte de la estructura de soporte de las neuronas.<\/p>\n<p style=\"text-align: justify;\">Desde hace un tiempo se viene planteando que es una especie de marcador universal de neurodegeneraci\u00f3n; vendr\u00eda a indicar si en tu cerebro est\u00e1n ocurriendo da\u00f1os, pero no espec\u00edficamente la causa.<\/p>\n<p style=\"text-align: justify;\">&nbsp;<\/p>\n<p style=\"text-align: justify;\">\u00bfSIGNIFICA ESTO QUE LA INVESTIGACI\u00d3N NO APORTA NADA?<\/p>\n<p style=\"text-align: justify;\">\u00a1No! En absoluto, es una investigaci\u00f3n estupenda que hace varios aportes.<\/p>\n<p style=\"text-align: justify;\">Por ejemplo, hasta ahora los niveles de NfL se miden en el l\u00edquido cefalorraqu\u00eddeo, para lo cual hay que hacer una punci\u00f3n lumbar, un procedimiento necesario en muchas ocasiones pero que no gusta a nadie.<\/p>\n<p style=\"text-align: justify;\">Esta investigaci\u00f3n mostr\u00f3 que los niveles de NfL en el l\u00edquido cefalorraqu\u00eddeo correlacionaban con los niveles en sangre, con lo cual ahora (o m\u00e1s bien cuando estos resultados se confirmen mediante otras investigaciones) para saber los cambios que experimentan los niveles de la prote\u00edna basta con analizar una muestra de sangre.<\/p>\n<p style=\"text-align: justify;\">Adem\u00e1s, los investigadores observaron que la variaci\u00f3n de las concentraciones de la prote\u00edna se asociaba a los cambios que experimentaban los enfermos a nivel de volumen cerebral y procesos cognitivos.<\/p>\n<p style=\"text-align: justify;\">A medida que aumentaba la concentraci\u00f3n de NfL en las muestras analizadas, m\u00e1s atrofia cerebral ten\u00edan los enfermos y peor desempe\u00f1o mostraban en las pruebas que evaluaban procesos mentales como la memoria.<\/p>\n<p style=\"text-align: justify;\">De hecho, para los cient\u00edficos, la se\u00f1al realmente importante es el cambio en los niveles de la prote\u00edna a lo largo del tiempo. El director de la investigaci\u00f3n, Mathias Jucker, que pertenece al Centro Alem\u00e1n para Enfermedades Neurodegenerativas en T\u00fcbingen, lo explica as\u00ed:<\/p>\n<p style=\"text-align: justify;\">No es la concentraci\u00f3n absoluta de neurofilamentos, sino su evoluci\u00f3n temporal, lo que es significativo y permite predicciones sobre la progresi\u00f3n futura de la enfermedad\u201d.<\/p>\n<p style=\"text-align: justify;\">En un ensayo cl\u00ednico, por ejemplo, medir la NfL permitir\u00eda monitorizar el efecto de un f\u00e1rmaco sobre la evoluci\u00f3n del alzh\u00e9imer.<\/p>\n<p style=\"text-align: justify;\">\u00bfConclusiones? Un excelente estudio que sigue a\u00f1adiendo evidencias a la importancia de la NfL en la neurodegeneraci\u00f3n, pero que ahora mismo no te permitir\u00eda saber si dentro 16 a\u00f1os padecer\u00e1s alzh\u00e9imer.<\/p>\n<p style=\"text-align: justify;\">&nbsp;<\/p>\n<p>&nbsp;<\/p>\n<p style=\"text-align: justify;\"><em>Dunia Chappotin<\/em><\/p>\n<p style=\"text-align: justify;\"><em>Fuente: infotiti.com<\/em><\/p>\n","protected":false},"excerpt":{"rendered":"<p>&nbsp; Si sigues de cerca la actualidad en el campo del alzh&eacute;imer seguramente habr&aacute;s le&iacute;do titulares que sugieren que es posible detectar la enfermedad mediante una anal&iacute;tica de sangre hasta<\/p>\n<div><a href=\"https:\/\/afabaix.org\/es\/no-este-analisis-de-sangre-no-predice-el-alzheimer-con-16-anos-de-antelacion-pero-si-dice\/\" class=\"exp-read-more exp-read-more-underlined\">Read More<\/a><\/div>\n","protected":false},"author":2,"featured_media":17949,"comment_status":"closed","ping_status":"closed","sticky":false,"template":"","format":"standard","meta":{"footnotes":""},"categories":[],"tags":[],"class_list":["post-17948","post","type-post","status-publish","format-standard","has-post-thumbnail","hentry"],"_links":{"self":[{"href":"https:\/\/afabaix.org\/es\/wp-json\/wp\/v2\/posts\/17948","targetHints":{"allow":["GET"]}}],"collection":[{"href":"https:\/\/afabaix.org\/es\/wp-json\/wp\/v2\/posts"}],"about":[{"href":"https:\/\/afabaix.org\/es\/wp-json\/wp\/v2\/types\/post"}],"author":[{"embeddable":true,"href":"https:\/\/afabaix.org\/es\/wp-json\/wp\/v2\/users\/2"}],"replies":[{"embeddable":true,"href":"https:\/\/afabaix.org\/es\/wp-json\/wp\/v2\/comments?post=17948"}],"version-history":[{"count":1,"href":"https:\/\/afabaix.org\/es\/wp-json\/wp\/v2\/posts\/17948\/revisions"}],"predecessor-version":[{"id":21027,"href":"https:\/\/afabaix.org\/es\/wp-json\/wp\/v2\/posts\/17948\/revisions\/21027"}],"wp:featuredmedia":[{"embeddable":true,"href":"https:\/\/afabaix.org\/es\/wp-json\/wp\/v2\/media\/17949"}],"wp:attachment":[{"href":"https:\/\/afabaix.org\/es\/wp-json\/wp\/v2\/media?parent=17948"}],"wp:term":[{"taxonomy":"category","embeddable":true,"href":"https:\/\/afabaix.org\/es\/wp-json\/wp\/v2\/categories?post=17948"},{"taxonomy":"post_tag","embeddable":true,"href":"https:\/\/afabaix.org\/es\/wp-json\/wp\/v2\/tags?post=17948"}],"curies":[{"name":"wp","href":"https:\/\/api.w.org\/{rel}","templated":true}]}}