
{"id":17952,"date":"2019-02-01T18:48:53","date_gmt":"2019-02-01T18:48:53","guid":{"rendered":"https:\/\/lacuinade.timit2003.com\/afabaix2\/noticia\/una-familia-cuya-madre-padece-un-alzheimer-desarrollado-pide-la-despenalizacion-de-la\/"},"modified":"2021-06-25T14:44:37","modified_gmt":"2021-06-25T14:44:37","slug":"una-familia-cuya-madre-padece-un-alzheimer-desarrollado-pide-la-despenalizacion-de-la","status":"publish","type":"post","link":"https:\/\/afabaix.org\/es\/una-familia-cuya-madre-padece-un-alzheimer-desarrollado-pide-la-despenalizacion-de-la\/","title":{"rendered":"Una familia cuya madre padece un Alzheimer desarrollado pide la despenalizaci\u00f3n de la eutanasia en Espa\u00f1a."},"content":{"rendered":"<p style=\"text-align: justify;\">&nbsp;<\/p>\n<p style=\"text-align: justify;\">La familia Lorente-Tellaetxe de Portugalete (Bizkaia), cuya madre padece un alzheimer extremadamente desarrollado, ha reclamado este viernes que se despenalice la eutanasia para que \u00abtodo el mundo\u00bb tenga derecho a decidir libremente \u00absu final\u00bb, en alusi\u00f3n a aquellas personas que sufren enfermedades neurodegenerativas y psiqui\u00e1tricas.<\/p>\n<p style=\"text-align: justify;\">En rueda de prensa en el Ayuntamiento de esta localidad, cuya corporaci\u00f3n municipal ha aprobado una declaraci\u00f3n institucional a favor de la despenalizaci\u00f3n de la eutanasia, David Lorente, hijo de la enferma, ha defendido que la lucha de su familia no es solo por su madre, sino que est\u00e1 dirigida \u00abpara que se respete el derecho del 100% de la ciudadan\u00eda\u00bb.<\/p>\n<p style=\"text-align: justify;\">La familia portugaluja ha recogido en la plataforma &#8216;Change.org&#8217; m\u00e1s de 163.000 firmas, que espera presentar pr\u00f3ximamente en el Congreso de los Diputados, para reclamar un impulso definitivo a esta ley.<\/p>\n<p style=\"text-align: justify;\">David Lorente ha precisado que existe una propuesta de ley que ya regula la eutanasia, que se encuentra admitida a tr\u00e1mite, pero que la presidencia del Congreso la tiene \u00abbloqueada\u00bb.<\/p>\n<p style=\"text-align: justify;\">\u00abEst\u00e1n semanalmente prorrogando el bloqueo. Son dos partidos (PP y Cs) que, adem\u00e1s de condenarnos a miles de enfermos y sus familiares a este sufrimiento, no est\u00e1n representando a la mayor\u00eda de sus votantes. No podemos entenderlo\u00bb, ha a\u00f1adido.<\/p>\n<p style=\"text-align: justify;\">El joven se ha preguntado \u00abqu\u00e9 libertad pisamos nosotros\u00bb por ayudar a cumplir \u00abla voluntad de mi madre de dejar de seguir sufriendo y de vivir en estas condiciones indignas y degradantes\u00bb.<\/p>\n<p style=\"text-align: justify;\">\u00abSi nosotros hici\u00e9ramos cumplir la voluntad de mi madre se nos meter\u00eda en la c\u00e1rcel en base al art\u00edculo 143.4 del C\u00f3digo Penal. No entendemos c\u00f3mo en un Estado de Derecho y en una sociedad civilizada puede haber una ley que obligue a sus ciudadanos a morir &#8216;aullando&#8217;, ha subrayado.<\/p>\n<p style=\"text-align: justify;\">En su intervenci\u00f3n, ha explicado que una enfermedad degenerativa como la que afecta a su madre le puede llegar \u00aba cualquiera\u00bb, por cuanto es el \u00abazar\u00bb el que te \u00abcondena\u00bb a una enfermedad, \u00abpero a ese sufrimiento prolongado en el tiempo le est\u00e1 condenando una ley\u00bb.<\/p>\n<p style=\"text-align: justify;\">Por ello, ha dicho que la legislaci\u00f3n vigente \u00abno est\u00e1 a la altura de la sociedad\u00bb y ha reclamado la derogaci\u00f3n del art\u00edculo 143.4 del C\u00f3digo Penal, ya que se trata de \u00abuna urgencia, una emergencia\u00bb porque vulnera las libertades individuales, y los Derechos Humanos.<\/p>\n<p style=\"text-align: justify;\">Por su parte, Txema Lorente, padre de David y esposo de la enferma, ha recordado que desde hace un a\u00f1o el deterioro de su mujer no ha tenido \u00abfreno\u00bb. \u00abEs un precipicio, no es una pendiente, es un precipicio y no hay freno\u00bb, ha resaltado.<\/p>\n<p>&nbsp;<\/p>\n<p><em>europapress<\/em><\/p>\n<p><em>Fuente: lavanguardia.com<\/em><\/p>\n","protected":false},"excerpt":{"rendered":"<p>&nbsp; La familia Lorente-Tellaetxe de Portugalete (Bizkaia), cuya madre padece un alzheimer extremadamente desarrollado, ha reclamado este viernes que se despenalice la eutanasia para que &laquo;todo el mundo&raquo; tenga derecho<\/p>\n<div><a href=\"https:\/\/afabaix.org\/es\/una-familia-cuya-madre-padece-un-alzheimer-desarrollado-pide-la-despenalizacion-de-la\/\" class=\"exp-read-more exp-read-more-underlined\">Read More<\/a><\/div>\n","protected":false},"author":2,"featured_media":17953,"comment_status":"closed","ping_status":"closed","sticky":false,"template":"","format":"standard","meta":{"footnotes":""},"categories":[],"tags":[],"class_list":["post-17952","post","type-post","status-publish","format-standard","has-post-thumbnail","hentry"],"_links":{"self":[{"href":"https:\/\/afabaix.org\/es\/wp-json\/wp\/v2\/posts\/17952","targetHints":{"allow":["GET"]}}],"collection":[{"href":"https:\/\/afabaix.org\/es\/wp-json\/wp\/v2\/posts"}],"about":[{"href":"https:\/\/afabaix.org\/es\/wp-json\/wp\/v2\/types\/post"}],"author":[{"embeddable":true,"href":"https:\/\/afabaix.org\/es\/wp-json\/wp\/v2\/users\/2"}],"replies":[{"embeddable":true,"href":"https:\/\/afabaix.org\/es\/wp-json\/wp\/v2\/comments?post=17952"}],"version-history":[{"count":1,"href":"https:\/\/afabaix.org\/es\/wp-json\/wp\/v2\/posts\/17952\/revisions"}],"predecessor-version":[{"id":21025,"href":"https:\/\/afabaix.org\/es\/wp-json\/wp\/v2\/posts\/17952\/revisions\/21025"}],"wp:featuredmedia":[{"embeddable":true,"href":"https:\/\/afabaix.org\/es\/wp-json\/wp\/v2\/media\/17953"}],"wp:attachment":[{"href":"https:\/\/afabaix.org\/es\/wp-json\/wp\/v2\/media?parent=17952"}],"wp:term":[{"taxonomy":"category","embeddable":true,"href":"https:\/\/afabaix.org\/es\/wp-json\/wp\/v2\/categories?post=17952"},{"taxonomy":"post_tag","embeddable":true,"href":"https:\/\/afabaix.org\/es\/wp-json\/wp\/v2\/tags?post=17952"}],"curies":[{"name":"wp","href":"https:\/\/api.w.org\/{rel}","templated":true}]}}