
{"id":18214,"date":"2019-04-02T18:13:24","date_gmt":"2019-04-02T18:13:24","guid":{"rendered":"https:\/\/lacuinade.timit2003.com\/afabaix2\/noticia\/los-40-anos-una-edad-critica-en-la-aparicion-de-alteraciones-cerebrales-relacionadas-con-el\/"},"modified":"2021-06-25T14:43:39","modified_gmt":"2021-06-25T14:43:39","slug":"los-40-anos-una-edad-critica-en-la-aparicion-de-alteraciones-cerebrales-relacionadas-con-el","status":"publish","type":"post","link":"https:\/\/afabaix.org\/es\/los-40-anos-una-edad-critica-en-la-aparicion-de-alteraciones-cerebrales-relacionadas-con-el\/","title":{"rendered":"Los 40 a\u00f1os, una edad cr\u00edtica en la aparici\u00f3n de alteraciones cerebrales relacionadas con el alzh\u00e9imer"},"content":{"rendered":"<p style=\"text-align: justify;\">&nbsp;<\/p>\n<p style=\"text-align: justify;\">Un amplio estudio de im\u00e1genes del cerebro obtenidas a trav\u00e9s de resonancia magn\u00e9tica concluye que los primeros cambios se dan en el hipocampo y estos ocurren alrededor de la cuarta d\u00e9cada de vida. Algo semejante sucede con otras alteraciones que tambi\u00e9n surgen en este periodo.<\/p>\n<p style=\"text-align: justify;\">Miles de im\u00e1genes por resonancia magn\u00e9tica de pacientes con alzh\u00e9imer, con deterioro cognitivo leve (un estado que en muchos casos es el paso previo a la demencia) y de sujetos sanos a\u00f1ade m\u00e1s evidencia a la concepci\u00f3n de que el alzh\u00e9imer es una enfermedad que comienza a ocasionar las primeras alteraciones d\u00e9cadas antes de que los s\u00edntomas sean evidentes.<\/p>\n<p style=\"text-align: justify;\">Si se toma en cuenta como indicadores de la enfermedad los cambios que se pueden detectar a trav\u00e9s de resonancia magn\u00e9tica, espec\u00edficamente la llamada atrofia cerebral (p\u00e9rdida de volumen de estructuras del cerebro), ya existen diferencias entre las personas sanas y aquellas que est\u00e1n desarrollando alzh\u00e9imer poco antes de los 40 a\u00f1os, edad que parece cr\u00edtica en la enfermedad.<\/p>\n<p style=\"text-align: justify;\">A estas conclusiones llegaron los autores de un estudio recientemente publicado en la revista Scientific Reports en el que se persigui\u00f3 describir los cambios a lo largo de la vida que experimenta el cerebro de las personas con alzh\u00e9imer en comparaci\u00f3n con personas sanas.<\/p>\n<p style=\"text-align: justify;\">&nbsp;<\/p>\n<p style=\"text-align: justify;\"><strong>M\u00e1s de 4000 im\u00e1genes por resonancia magn\u00e9tica para describir los cambios que provoca el alzh\u00e9imer<\/strong><\/p>\n<p style=\"text-align: justify;\">En este impresionante estudio se logr\u00f3 analizar im\u00e1genes por resonancia magn\u00e9tica de 1877 personas menores de 55 a\u00f1os sin deterioro de las funciones intelectuales (sujetos sanos, sin deterioro cognitivo), 959 personas con deterioro cognitivo leve y 426 pacientes con enfermedad de Alzheimer.<\/p>\n<p style=\"text-align: justify;\">Los investigadores construyeron un modelo de la trayectoria del envejecimiento normal del cerebro y un modelo con la trayectoria de las personas que terminan desarrollando alzh\u00e9imer.<\/p>\n<p style=\"text-align: justify;\">La comparaci\u00f3n entre los dos modelos permiti\u00f3 detectar los primeros cambios que se producen en algunos de los biomarcadores m\u00e1s conocidos de enfermedad de Alzheimer.<\/p>\n<p style=\"text-align: justify;\">Por ejemplo, el hipocampo es la estructura cerebral que m\u00e1s tempranamente parece recibir el impacto del alzh\u00e9imer. Ya se detectan las primeras diferencias entre personas sanas y aquellas con alzh\u00e9imer y deterioro cognitivo leve antes de los 40 a\u00f1os, entre los 37 y los 39 a\u00f1os.<\/p>\n<p style=\"text-align: justify;\">El hipocampo es una estructura del cerebro ubicada en el l\u00f3bulo temporal que est\u00e1 estrechamente vinculada a la memoria.<\/p>\n<p style=\"text-align: justify;\">A la atrofia del hipocampo parece seguirle la atrofia de la am\u00edgdala alrededor de los 40 y los 44 a\u00f1os. La am\u00edgdala es una estructura muy conocida por su participaci\u00f3n en los procesos emocionales.<\/p>\n<p style=\"text-align: justify;\">Su deterioro en los pacientes con alzh\u00e9imer se ha relacionado con la p\u00e9rdida de habilidad para el procesamiento emocional y los d\u00e9ficits olfativos tempranos, ya que tambi\u00e9n est\u00e1 vinculada con el olfato.<\/p>\n<p style=\"text-align: justify;\">A los investigadores les llam\u00f3 la atenci\u00f3n que, en relaci\u00f3n a su tama\u00f1o, la atrofia de la am\u00edgdala es m\u00e1s pronunciada que la del hipocampo.<\/p>\n<p style=\"text-align: justify;\">La dilataci\u00f3n de los ventr\u00edculos laterales, otro de los cambios m\u00e1s conocidos que provoca el alzh\u00e9imer, ocurre al final de la tercera d\u00e9cada de vida y a inicios de la cuarta.<\/p>\n<p style=\"text-align: justify;\">Los ventr\u00edculos cerebrales son cavidades llenas de l\u00edquido cefalorraqu\u00eddeo que durante la enfermedad de alzh\u00e9imer se dilatan debido a la p\u00e9rdida de tejido cerebral.<\/p>\n<p style=\"text-align: justify;\">Los investigadores hacen notar que las diferencias entre personas sanas y aquellas con alzh\u00e9imer o deterioro cognitivo leve en relaci\u00f3n a la dilataci\u00f3n de los ventr\u00edculos es significativa en la mediana edad, pero alrededor de los 65 a\u00f1os ya deja de ser notable, debido a que en el envejecimiento cerebral normal tambi\u00e9n ocurre este cambio.<\/p>\n<p style=\"text-align: justify;\">&nbsp;<\/p>\n<p style=\"text-align: justify;\"><strong>La cuarta d\u00e9cada de vida, clave en el desarrollo del alzh\u00e9imer<\/strong><\/p>\n<p style=\"text-align: justify;\">El hipocampo y el l\u00f3bulo temporal en general, el lugar en el que el alzh\u00e9imer comienza a dejar sus primeras huellas | De Anatomography, sitio web mantenido por Life Science Databases(LSDB).<\/p>\n<p style=\"text-align: justify;\">Vistas las conclusiones de este estudio resulta notable c\u00f3mo los cambios relacionados con la atrofia cerebral en el alzh\u00e9imer se precipitan alrededor de la cuarta d\u00e9cada de vida.<\/p>\n<p style=\"text-align: justify;\">Los investigadores opinan que: \u00abLos factores de estilo de vida de este per\u00edodo cr\u00edtico pueden tener un impacto espec\u00edfico en el hipocampo, aumentando la vulnerabilidad a la demencia\u201d.<\/p>\n<p style=\"text-align: justify;\">Numerosos estudios han observado que hay factores relacionados con el estilo de vida, como la dieta, la actividad f\u00edsica o el tabaquismo que pueden influir en el riesgo de una persona de desarrollar alzh\u00e9imer y, consecuentemente, demencia.<\/p>\n<p style=\"text-align: justify;\">Aunque el estudio tiene limitaciones importantes, como el hecho de que no sigui\u00f3 durante a\u00f1os la evoluci\u00f3n de un mismo grupo de personas, algo que se considera \u00f3ptimo cuando se va a analizar un proceso din\u00e1mico como los cambios a lo largo del ciclo vital de diferentes estructuras cerebrales, s\u00ed es verdad que la cantidad de im\u00e1genes por resonancia magn\u00e9tica analizadas le confiere un valor especial.<\/p>\n<p style=\"text-align: justify;\">Sus resultados coinciden en gran medida con estudios previos que apuntan al hipocampo y al l\u00f3bulo temporal en general como el lugar en el que el alzh\u00e9imer comienza a dejar sus primeras huellas.<\/p>\n<p style=\"text-align: justify;\">&nbsp;<\/p>\n<p style=\"text-align: justify;\">&nbsp;<\/p>\n<p style=\"text-align: justify;\"><em>Dunia Chappotin<\/em><\/p>\n<p style=\"text-align: justify;\"><em>fuente:www.infotiti.com<\/em><\/p>\n","protected":false},"excerpt":{"rendered":"<p>&nbsp; Un amplio estudio de im&aacute;genes del cerebro obtenidas a trav&eacute;s de resonancia magn&eacute;tica concluye que los primeros cambios se dan en el hipocampo y estos ocurren alrededor de la<\/p>\n<div><a href=\"https:\/\/afabaix.org\/es\/los-40-anos-una-edad-critica-en-la-aparicion-de-alteraciones-cerebrales-relacionadas-con-el\/\" class=\"exp-read-more exp-read-more-underlined\">Read More<\/a><\/div>\n","protected":false},"author":2,"featured_media":18215,"comment_status":"closed","ping_status":"closed","sticky":false,"template":"","format":"standard","meta":{"footnotes":""},"categories":[],"tags":[],"class_list":["post-18214","post","type-post","status-publish","format-standard","has-post-thumbnail","hentry"],"_links":{"self":[{"href":"https:\/\/afabaix.org\/es\/wp-json\/wp\/v2\/posts\/18214","targetHints":{"allow":["GET"]}}],"collection":[{"href":"https:\/\/afabaix.org\/es\/wp-json\/wp\/v2\/posts"}],"about":[{"href":"https:\/\/afabaix.org\/es\/wp-json\/wp\/v2\/types\/post"}],"author":[{"embeddable":true,"href":"https:\/\/afabaix.org\/es\/wp-json\/wp\/v2\/users\/2"}],"replies":[{"embeddable":true,"href":"https:\/\/afabaix.org\/es\/wp-json\/wp\/v2\/comments?post=18214"}],"version-history":[{"count":1,"href":"https:\/\/afabaix.org\/es\/wp-json\/wp\/v2\/posts\/18214\/revisions"}],"predecessor-version":[{"id":20896,"href":"https:\/\/afabaix.org\/es\/wp-json\/wp\/v2\/posts\/18214\/revisions\/20896"}],"wp:featuredmedia":[{"embeddable":true,"href":"https:\/\/afabaix.org\/es\/wp-json\/wp\/v2\/media\/18215"}],"wp:attachment":[{"href":"https:\/\/afabaix.org\/es\/wp-json\/wp\/v2\/media?parent=18214"}],"wp:term":[{"taxonomy":"category","embeddable":true,"href":"https:\/\/afabaix.org\/es\/wp-json\/wp\/v2\/categories?post=18214"},{"taxonomy":"post_tag","embeddable":true,"href":"https:\/\/afabaix.org\/es\/wp-json\/wp\/v2\/tags?post=18214"}],"curies":[{"name":"wp","href":"https:\/\/api.w.org\/{rel}","templated":true}]}}