
{"id":18435,"date":"2019-07-05T10:22:14","date_gmt":"2019-07-05T10:22:14","guid":{"rendered":"https:\/\/lacuinade.timit2003.com\/afabaix2\/noticia\/hombres-que-consumen-altas-cantidades-de-alcohol-pueden-padecer-demencia\/"},"modified":"2021-06-25T14:43:34","modified_gmt":"2021-06-25T14:43:34","slug":"hombres-que-consumen-altas-cantidades-de-alcohol-pueden-padecer-demencia","status":"publish","type":"post","link":"https:\/\/afabaix.org\/es\/hombres-que-consumen-altas-cantidades-de-alcohol-pueden-padecer-demencia\/","title":{"rendered":"Hombres que consumen altas cantidades de alcohol pueden padecer demencia."},"content":{"rendered":"<p style=\"text-align: justify;\">&nbsp;<\/p>\n<p style=\"text-align: justify;\">Un grupo de investigadores de Girona ha realizado un estudio sobre los tipos de demencia. La investigaci\u00f3n se basa en casos epidemiol\u00f3gicos poco frecuentes en personas mayores de 65 a\u00f1os.<\/p>\n<p style=\"text-align: justify;\">Con los resultados han detectado que las demencias son m\u00e1s frecuentes en hombres que consumen de forma abusiva y cr\u00f3nica alcohol.<\/p>\n<p style=\"text-align: justify;\">El estudio fue publicado en \u00abAlzheimer\u00bb Dementia: Journal of the Alzheimer Association. El art\u00edculo registra que, de 100.000 personas con demencia, 3,7 casos al a\u00f1o son hombres que padecen demencias relacionadas al alcohol. Dentro de este mismo margen, las mujeres registran 1,7 casos de demencia por consumo de licor.<\/p>\n<p style=\"text-align: justify;\">En el caso de las mujeres, los especialistas descubrieron que los trastornos mentales cr\u00f3nicos son m\u00e1s comunes en las mujeres. Se registr\u00f3 que 3,8 mujeres padecen trastornos cr\u00f3nicos frente a un 0,8 en hombres<\/p>\n<p style=\"text-align: justify;\">Este estudio se considera como un trabajo pionero en Catalunya. Los investigadores del Registre de Dem\u00e8ncies de Girona (ReDeGi) del Servei Catal\u00e0 de la Salut (CatSalut) han analizado los datos de los \u00faltimos diez a\u00f1os relativos a m\u00e1s de 7.500 pacientes de la Regi\u00f3 Sanit\u00e0ria de Girona. La investigaci\u00f3n ha sido reconocida por el Institut Assist\u00e8ncia Sanitaria (IAS).<\/p>\n<p style=\"text-align: justify;\">&nbsp;<\/p>\n<p>&nbsp;<\/p>\n<p style=\"text-align: justify;\">Font: www.elmundo.sv<\/p>\n","protected":false},"excerpt":{"rendered":"<p>&nbsp; Un grupo de investigadores de Girona ha realizado un estudio sobre los tipos de demencia. La investigaci&oacute;n se basa en casos epidemiol&oacute;gicos poco frecuentes en personas mayores de 65<\/p>\n<div><a href=\"https:\/\/afabaix.org\/es\/hombres-que-consumen-altas-cantidades-de-alcohol-pueden-padecer-demencia\/\" class=\"exp-read-more exp-read-more-underlined\">Read More<\/a><\/div>\n","protected":false},"author":2,"featured_media":18436,"comment_status":"closed","ping_status":"closed","sticky":false,"template":"","format":"standard","meta":{"footnotes":""},"categories":[],"tags":[],"class_list":["post-18435","post","type-post","status-publish","format-standard","has-post-thumbnail","hentry"],"_links":{"self":[{"href":"https:\/\/afabaix.org\/es\/wp-json\/wp\/v2\/posts\/18435","targetHints":{"allow":["GET"]}}],"collection":[{"href":"https:\/\/afabaix.org\/es\/wp-json\/wp\/v2\/posts"}],"about":[{"href":"https:\/\/afabaix.org\/es\/wp-json\/wp\/v2\/types\/post"}],"author":[{"embeddable":true,"href":"https:\/\/afabaix.org\/es\/wp-json\/wp\/v2\/users\/2"}],"replies":[{"embeddable":true,"href":"https:\/\/afabaix.org\/es\/wp-json\/wp\/v2\/comments?post=18435"}],"version-history":[{"count":1,"href":"https:\/\/afabaix.org\/es\/wp-json\/wp\/v2\/posts\/18435\/revisions"}],"predecessor-version":[{"id":20785,"href":"https:\/\/afabaix.org\/es\/wp-json\/wp\/v2\/posts\/18435\/revisions\/20785"}],"wp:featuredmedia":[{"embeddable":true,"href":"https:\/\/afabaix.org\/es\/wp-json\/wp\/v2\/media\/18436"}],"wp:attachment":[{"href":"https:\/\/afabaix.org\/es\/wp-json\/wp\/v2\/media?parent=18435"}],"wp:term":[{"taxonomy":"category","embeddable":true,"href":"https:\/\/afabaix.org\/es\/wp-json\/wp\/v2\/categories?post=18435"},{"taxonomy":"post_tag","embeddable":true,"href":"https:\/\/afabaix.org\/es\/wp-json\/wp\/v2\/tags?post=18435"}],"curies":[{"name":"wp","href":"https:\/\/api.w.org\/{rel}","templated":true}]}}