
{"id":19436,"date":"2020-12-04T12:34:54","date_gmt":"2020-12-04T12:34:54","guid":{"rendered":"https:\/\/lacuinade.timit2003.com\/afabaix2\/noticia\/lafa-baix-llobregat-guanyadora-del-guardo-ribera-solidaria-dels-premis-el-llobregat-2\/"},"modified":"2021-06-25T14:42:22","modified_gmt":"2021-06-25T14:42:22","slug":"lafa-baix-llobregat-guanyadora-del-guardo-ribera-solidaria-dels-premis-el-llobregat-2","status":"publish","type":"post","link":"https:\/\/afabaix.org\/es\/lafa-baix-llobregat-guanyadora-del-guardo-ribera-solidaria-dels-premis-el-llobregat-2\/","title":{"rendered":"La AFA Baix Llobregat ganadora del Galard\u00f3n Ribera Solidaria de los Premios El Llobregat."},"content":{"rendered":"<p style=\"text-align: justify;\">&nbsp;<\/p>\n<p style=\"text-align: justify;\">La AFA Baix Llobregat ha sido la ganadora de la Categor\u00eda \u00abRibera Solidaria\u00bb de la s\u00e9ptima edici\u00f3n de los Premios El Llobregat, unos premios organizados por el medio de comunicaci\u00f3n que les da nombre, El Llobregat, ofreciendo informaci\u00f3n de la comarca a trav\u00e9s de www. elllobregat.com, y de la edici\u00f3n impresa que se ofrece el primer viernes de cada mes con la Vanguardia.<\/p>\n<p style=\"text-align: justify;\">En estos premios, hay seis categor\u00edas &#8211; todas relacionadas con el r\u00edo -que reconocen la labor de personas o entidades del territorio: Aguas Cristalinas, la Mayor Crecida, Caudal Amaz\u00f3nico, Ribera Solidaria, afluente Verde y Aguas Bravas, m\u00e1s el premio al anunciante. En anteriores ediciones de la gala se celebr\u00f3 en L&#8217;Hospitalet, Sant Boi, el Prat, Gav\u00e0 y Viladecans, y dejaron premiados destacados como Jordi \u00c9vole, Karra Elejalde, Manel Esteller, el Parque Agrario, Itaca, Sonia Corrochano, Mireia Navarro, Alfred y Aitana de OT, Ecologistas en Acci\u00f3n, Nuria Marqu\u00e9s, Jes\u00fas Villa, Frederic Cano, Laura Ferr\u00e9s, el CRAM, Oriol Junqueras o Molins Acoge, entre otros.<\/p>\n<p style=\"text-align: justify;\">Es el Consejo Editorial de la publicaci\u00f3n quien nomina tres candidatos por categor\u00eda, que son sometidos a votaci\u00f3n popular a trav\u00e9s de la web de la publicaci\u00f3n. Este a\u00f1o, en la categor\u00eda Ribera solidaria, que busca premiar las entidades que tienen la solidaridad como columna vertebral a lo largo de su trayectoria, los tres candidatos eran Isabel Gimeno, de Solidan\u00e7a (una asociaci\u00f3n que se dedica al reciclaje de ropa usada), la Plataforma ciudadana por una sociedad inclusiva en Gav\u00e0 (que se dedica a fomentar que j\u00f3venes con discapacidad puedan seguir estudiando a trav\u00e9s de un Itinerario Formativo Espec\u00edfico, tras finalizar el ciclo obligatorio) y la Asociaci\u00f3n de Familiares de personas con Alzheimer del Baix Llobregat, que ha resultado finalmente la ganadora.<\/p>\n<p style=\"text-align: justify;\">Este a\u00f1o no se ha podido celebrar la gala en la que se hac\u00eda la entrega de galardones a los ganadores por motivo de las restricciones por la pandemia, y la estatuilla fue recogida por la presidenta de la AFA en la redacci\u00f3n del mismo peri\u00f3dico .<\/p>\n<p style=\"text-align: justify;\">Desde estas l\u00edneas queremos agradecer de todo coraz\u00f3n al Consejo Editorial de El Llobregat el proponernos por este premio, y la gente que nos ha votado, por donarn hacernos su apoyo. Reconocimientos como estos nos llenan de orgullo por el trabajo bien hecho y nos animan a seguir velando, como hemos hecho a lo largo de los 26 a\u00f1os ya de nuestra trayectoria, por los enfermos de alzheimer y sus familias.<\/p>\n<p style=\"text-align: justify;\">A todos y todas, muchas gracias!<\/p>\n<p>&nbsp;<\/p>\n<p>&nbsp;<\/p>\n<p>M\u00e1s info:<\/p>\n<p>https:\/\/www.elllobregat.com\/noticia\/19313\/lhospitalet\/el-covid-19-no-puede-con-los-meritos-de-los-merecidos-galardonados-de-la-sexta-edicion-de-los-premios-el-llobregat.html<\/p>\n<p>&nbsp;<\/p>\n<p>&nbsp;<\/p>\n<p>&nbsp;<\/p>\n<p>&nbsp;<\/p>\n<p>&nbsp;<\/p>\n<p>&nbsp;<\/p>\n<p>&nbsp;<\/p>\n","protected":false},"excerpt":{"rendered":"<p>&nbsp; La AFA Baix Llobregat ha sido la ganadora de la Categor&iacute;a &laquo;Ribera Solidaria&raquo; de la s&eacute;ptima edici&oacute;n de los Premios El Llobregat, unos premios organizados por el medio de<\/p>\n<div><a href=\"https:\/\/afabaix.org\/es\/lafa-baix-llobregat-guanyadora-del-guardo-ribera-solidaria-dels-premis-el-llobregat-2\/\" class=\"exp-read-more exp-read-more-underlined\">Read More<\/a><\/div>\n","protected":false},"author":2,"featured_media":19434,"comment_status":"closed","ping_status":"closed","sticky":false,"template":"","format":"standard","meta":{"footnotes":""},"categories":[43],"tags":[],"class_list":["post-19436","post","type-post","status-publish","format-standard","has-post-thumbnail","hentry","category-sense-categoria-es"],"_links":{"self":[{"href":"https:\/\/afabaix.org\/es\/wp-json\/wp\/v2\/posts\/19436","targetHints":{"allow":["GET"]}}],"collection":[{"href":"https:\/\/afabaix.org\/es\/wp-json\/wp\/v2\/posts"}],"about":[{"href":"https:\/\/afabaix.org\/es\/wp-json\/wp\/v2\/types\/post"}],"author":[{"embeddable":true,"href":"https:\/\/afabaix.org\/es\/wp-json\/wp\/v2\/users\/2"}],"replies":[{"embeddable":true,"href":"https:\/\/afabaix.org\/es\/wp-json\/wp\/v2\/comments?post=19436"}],"version-history":[{"count":1,"href":"https:\/\/afabaix.org\/es\/wp-json\/wp\/v2\/posts\/19436\/revisions"}],"predecessor-version":[{"id":20293,"href":"https:\/\/afabaix.org\/es\/wp-json\/wp\/v2\/posts\/19436\/revisions\/20293"}],"wp:featuredmedia":[{"embeddable":true,"href":"https:\/\/afabaix.org\/es\/wp-json\/wp\/v2\/media\/19434"}],"wp:attachment":[{"href":"https:\/\/afabaix.org\/es\/wp-json\/wp\/v2\/media?parent=19436"}],"wp:term":[{"taxonomy":"category","embeddable":true,"href":"https:\/\/afabaix.org\/es\/wp-json\/wp\/v2\/categories?post=19436"},{"taxonomy":"post_tag","embeddable":true,"href":"https:\/\/afabaix.org\/es\/wp-json\/wp\/v2\/tags?post=19436"}],"curies":[{"name":"wp","href":"https:\/\/api.w.org\/{rel}","templated":true}]}}