
{"id":19803,"date":"2021-06-18T19:20:02","date_gmt":"2021-06-18T19:20:02","guid":{"rendered":"https:\/\/lacuinade.timit2003.com\/afabaix2\/noticia\/marosa-giner-deix-la-presidencia-de-lafa-despres-de-27-anys-de-plena-dedicacio-4\/"},"modified":"2022-05-02T17:03:27","modified_gmt":"2022-05-02T17:03:27","slug":"marosa-giner-deix-la-presidencia-de-lafa-despres-de-27-anys-de-plena-dedicacio-4","status":"publish","type":"post","link":"https:\/\/afabaix.org\/es\/marosa-giner-deix-la-presidencia-de-lafa-despres-de-27-anys-de-plena-dedicacio-4\/","title":{"rendered":"Ma.Rosa Giner deja la presidencia de la AFA despu\u00e9s de 27 a\u00f1os de plena dedicaci\u00f3n."},"content":{"rendered":"<p>Este jueves 17 de junio, la AFA ha realizado su Asamblea General Ordinaria. Una Asamblea que se llev\u00f3 a cabo con normalidad en un formato mixto, presencial-online, y que cont\u00f3 con una importante asistencia de socios y socias, presencialmente y telem\u00e1tica.<\/p>\n<p>Una vez le\u00edda y aprobada el acto de la asamblea anterior, se pas\u00f3 a la exposici\u00f3n del trabajo realizado durante esta a\u00f1o, del estado actual de la AFA, los Centros y, en general, de donde nos encontramos despu\u00e9s de este a\u00f1o tan at\u00edpico.<\/p>\n<p>A continuaci\u00f3n se habl\u00f3 del futuro, del D\u00eda Mundial pr\u00f3ximo y de las previsiones con las que trabajamos para restablecer todos los servicios que ofrecemos ahora que parece que dejaremos, por fin, atr\u00e1s la pandemia del Covidien.<\/p>\n<p>Luego, lleg\u00f3 el turno a la exposici\u00f3n de la situaci\u00f3n econ\u00f3mica, del balance de cuentas del a\u00f1o, una exposici\u00f3n que ejemplific\u00f3 unos n\u00fameros at\u00edpicos como at\u00edpico ha sido este periodo. Y es que la p\u00e9rdida de ingresos por el cierre de Centros y servicios fue acompa\u00f1ada tambi\u00e9n de un descenso de los gastos (por el ERTE y la falta de gastos en servicios y actos).<\/p>\n<p>Por otra parte, tambi\u00e9n hemos tenido un aumento de las subvenciones y donativos que, sumado al importe de la herencia recibida del Sr. Lopera (que aparece por primera vez en un balance) acaba traduci\u00e9ndose en un resultado positivo a pesar de todos los pesares.<\/p>\n<p>Expuesta la situaci\u00f3n econ\u00f3mica, se aprobaron las cuentas con un 100% y votos a favor.<\/p>\n<p>Pero si esta asamblea pasar\u00e1 a la historia de la AFA, lo har\u00e1 porque, por primera vez en 27 a\u00f1os y medio, vivi\u00f3 un cambio en la presidencia de la AFA.<\/p>\n<p>MA. Rosa Giner, presidenta de la AFA desde su fundaci\u00f3n, present\u00f3 su renuncia al cargo con un emotivo parlamento que nos lleg\u00f3 a todos al coraz\u00f3n. Son muchos a\u00f1os de plena dedicaci\u00f3n a la AFA, dedicaci\u00f3n que -con la ayuda de profesionales, delegadas, voluntarios, socios y administraciones, como reiter\u00f3 la ya expresidenta- ha llevado la Asociaci\u00f3n donde ahora se encuentra: en primer\u00edsima l\u00ednea de las AFAS de Catalu\u00f1a y de Espa\u00f1a.<\/p>\n<p>Nunca podremos agradecer suficientemente la tarea, el empuje, las horas y horas diarias que regalaba altruistamente -nunca ha cobrado ni un europeo a la Asociaci\u00f3n de Familiares de Personas con Alzheimer del Baix Llobregat. Desde aqu\u00ed: much\u00edsimas gracias perl que has hecho por los enfermos de Alzheimer y sus familias de la comarca, de Catalu\u00f1a (desde la junta de FAFAC) y de Espa\u00f1a (desde la junta de CEAFA al inicio de su etapa en la AFA).<\/p>\n<p>Vacante el cargo, pues, la asamblea vot\u00f3 un\u00e1nimemente a favor de la \u00fanica candidatura que se presentaba para sustituir la presidencia y configurar una nueva Junta Directiva, la que encabezaba Merced Rull, psic\u00f3loga hasta ayer gerente de la AFA y que hoy ya es la nueva presidenta durante los pr\u00f3ximos 4 a\u00f1os. Desde aqu\u00ed: Enhorabuena y muchos \u00e9xitos para el futuro!<\/p>\n","protected":false},"excerpt":{"rendered":"<p>Este jueves 17 de junio, la AFA ha realizado su Asamblea General Ordinaria. Una Asamblea que se llev&oacute; a cabo con normalidad en un formato mixto, presencial-online, y que cont&oacute;<\/p>\n<div><a href=\"https:\/\/afabaix.org\/es\/marosa-giner-deix-la-presidencia-de-lafa-despres-de-27-anys-de-plena-dedicacio-4\/\" class=\"exp-read-more exp-read-more-underlined\">Read More<\/a><\/div>\n","protected":false},"author":2,"featured_media":10503,"comment_status":"closed","ping_status":"closed","sticky":false,"template":"","format":"standard","meta":{"footnotes":""},"categories":[43],"tags":[],"class_list":["post-19803","post","type-post","status-publish","format-standard","has-post-thumbnail","hentry","category-sense-categoria-es"],"_links":{"self":[{"href":"https:\/\/afabaix.org\/es\/wp-json\/wp\/v2\/posts\/19803","targetHints":{"allow":["GET"]}}],"collection":[{"href":"https:\/\/afabaix.org\/es\/wp-json\/wp\/v2\/posts"}],"about":[{"href":"https:\/\/afabaix.org\/es\/wp-json\/wp\/v2\/types\/post"}],"author":[{"embeddable":true,"href":"https:\/\/afabaix.org\/es\/wp-json\/wp\/v2\/users\/2"}],"replies":[{"embeddable":true,"href":"https:\/\/afabaix.org\/es\/wp-json\/wp\/v2\/comments?post=19803"}],"version-history":[{"count":3,"href":"https:\/\/afabaix.org\/es\/wp-json\/wp\/v2\/posts\/19803\/revisions"}],"predecessor-version":[{"id":24154,"href":"https:\/\/afabaix.org\/es\/wp-json\/wp\/v2\/posts\/19803\/revisions\/24154"}],"wp:featuredmedia":[{"embeddable":true,"href":"https:\/\/afabaix.org\/es\/wp-json\/wp\/v2\/media\/10503"}],"wp:attachment":[{"href":"https:\/\/afabaix.org\/es\/wp-json\/wp\/v2\/media?parent=19803"}],"wp:term":[{"taxonomy":"category","embeddable":true,"href":"https:\/\/afabaix.org\/es\/wp-json\/wp\/v2\/categories?post=19803"},{"taxonomy":"post_tag","embeddable":true,"href":"https:\/\/afabaix.org\/es\/wp-json\/wp\/v2\/tags?post=19803"}],"curies":[{"name":"wp","href":"https:\/\/api.w.org\/{rel}","templated":true}]}}