
{"id":25803,"date":"2023-01-25T16:10:37","date_gmt":"2023-01-25T16:10:37","guid":{"rendered":"https:\/\/afabaix.org\/?p=25803"},"modified":"2023-01-25T16:10:37","modified_gmt":"2023-01-25T16:10:37","slug":"el-alzheimer-puede-ser-causado-por-dos-infecciones-virales-muy-comunes-segun-un-estudio","status":"publish","type":"post","link":"https:\/\/afabaix.org\/es\/el-alzheimer-puede-ser-causado-por-dos-infecciones-virales-muy-comunes-segun-un-estudio\/","title":{"rendered":"El Alzheimer puede ser causado por dos infecciones virales muy comunes, seg\u00fan un estudio."},"content":{"rendered":"<p>&nbsp;<\/p>\n<p>La enfermedad del Alzheimer es el tipo de demencia m\u00e1s com\u00fan en todo el mundo, calculando que alrededor de 55 millones de personas viven con esta condici\u00f3n. Pese a su incidencia y a toda la investigaci\u00f3n realizada, hoy en d\u00eda a\u00fan no se sabe cu\u00e1l es la causa de esta patolog\u00eda; se han descrito muchos factores que pueden contribuir, pero no el origen.<\/p>\n<p>Ahora, un grupo de investigadores de la Universidad de Tufts y la Universidad de Oxford han obtenido evidencia contundente de que dos\u00a0<strong>virus comunes<\/strong>\u00a0en la poblaci\u00f3n podr\u00edan estar desencadenando la aparici\u00f3n del Alzheimer, sus resultados fueron publicados recientemente en la revista \u201c<em>Journal of Alzheimer\u2019s Disease\u201d\u00a0<\/em>y aqu\u00ed te platicamos los detalles.<\/p>\n<p>Los investigadores comenzaron a sospechar sobre el virus de la varicela z\u00f3ster (VZV), el causante de la varicela, y el virus del herpes simple de tipo 1 (VHS-1), que causa herpes labial, mejor conocido como \u201cfogazos\u201d o \u201cfuego labial\u201d, al descubrir que la vacunaci\u00f3n contra el resurgimiento del VZV, que causa herpes zoster o \u201cculebrilla\u201d tras una infecci\u00f3n primaria por varicela, reduce el riesgo de desarrollar Alzheimer.<\/p>\n<p>Adem\u00e1s, el VHS-1 ya se hab\u00eda relacionado con la enfermedad en el pasado. Una coincidencia importante en ambos virus es que tras una primera infecci\u00f3n pueden permanecer latentes o inactivos en las c\u00e9lulas nerviosas durante a\u00f1os y despu\u00e9s re-activarse ante ciertas circunstancias, lo que justifica mantener la sospecha sobre estos virus.<\/p>\n<p>De este modo, los investigadores del estudio se propusieron evaluar cu\u00e1l era el efecto sobre las c\u00e9lulas nerviosas del cerebro frente a estos dos virus, para ello desarrollaron un modelo tridimensional de cultivo de tejido humano con neuronas funcionales y c\u00e9lulas gliales para imitar al cerebro y posteriormente se propicio la infecci\u00f3n con los virus descritos anteriormente.<\/p>\n<p>Cuando el modelo de cerebro se infect\u00f3 \u00fanicamente con VZV, no se observ\u00f3 ning\u00fan cambio en las c\u00e9lulas que evidenciaran signos de Alzheimer, \u00fanicamente se determin\u00f3 que la infecci\u00f3n causaba inflamaci\u00f3n significativa.<\/p>\n<p>Por otra parte, cuando el modelo cerebral ya conten\u00eda VHS-1 inactivo, una segunda infecci\u00f3n con VZV provoc\u00f3 la reactivaci\u00f3n de VHS-1 y se presentaron posteriormente signos de la enfermedad del Alzheimer, es decir, se percibi\u00f3 un aumento en las prote\u00ednas tau y beta-amiloide y la consecuente desaceleraci\u00f3n de las se\u00f1ales neuronales, anomal\u00edas en el tejido cerebral in\u00e9ditas de la patolog\u00eda.<\/p>\n<p>\u00abNuestros resultados sugieren una v\u00eda hacia la enfermedad de Alzheimer, causada por una infecci\u00f3n por VZV que crea desencadenantes inflamatorios que despiertan el VHS-1 en el cerebro. Si bien demostramos un v\u00ednculo entre el VZV y la activaci\u00f3n del VHS-1, es posible que otros eventos inflamatorios en el cerebro tambi\u00e9n puedan despertar el VHS-1 y conducir a la enfermedad de Alzheimer\u00bb, menciono Dana Cairns, investigadora del estudio, en un\u00a0comunicado.<\/p>\n<p>Algunos detractores indican en\u00a0ScienceAlert\u00a0que los resultados encontrados son importantes y deber\u00eda continuar estimulando la investigaci\u00f3n, sin embargo, se debe tomar en cuenta que pese al modelo cerebral realizado, imitar las condiciones reales del cerebro es un gran reto dif\u00edcil de conseguir, por otro lado, resta destacar que sea la propia inflamaci\u00f3n cerebral, derivado de distintas condiciones, la que conduzca a la afecci\u00f3n, por lo que otros factores y microorganismos podr\u00edan estar implicados.<\/p>\n","protected":false},"excerpt":{"rendered":"<p>&nbsp; La enfermedad del Alzheimer es el tipo de demencia m&aacute;s com&uacute;n en todo el mundo, calculando que alrededor de 55 millones de personas viven con esta condici&oacute;n. Pese a<\/p>\n<div><a href=\"https:\/\/afabaix.org\/es\/el-alzheimer-puede-ser-causado-por-dos-infecciones-virales-muy-comunes-segun-un-estudio\/\" class=\"exp-read-more exp-read-more-underlined\">Read More<\/a><\/div>\n","protected":false},"author":2,"featured_media":25801,"comment_status":"open","ping_status":"closed","sticky":false,"template":"","format":"standard","meta":{"footnotes":""},"categories":[43],"tags":[],"class_list":["post-25803","post","type-post","status-publish","format-standard","has-post-thumbnail","hentry","category-sense-categoria-es"],"_links":{"self":[{"href":"https:\/\/afabaix.org\/es\/wp-json\/wp\/v2\/posts\/25803","targetHints":{"allow":["GET"]}}],"collection":[{"href":"https:\/\/afabaix.org\/es\/wp-json\/wp\/v2\/posts"}],"about":[{"href":"https:\/\/afabaix.org\/es\/wp-json\/wp\/v2\/types\/post"}],"author":[{"embeddable":true,"href":"https:\/\/afabaix.org\/es\/wp-json\/wp\/v2\/users\/2"}],"replies":[{"embeddable":true,"href":"https:\/\/afabaix.org\/es\/wp-json\/wp\/v2\/comments?post=25803"}],"version-history":[{"count":3,"href":"https:\/\/afabaix.org\/es\/wp-json\/wp\/v2\/posts\/25803\/revisions"}],"predecessor-version":[{"id":25806,"href":"https:\/\/afabaix.org\/es\/wp-json\/wp\/v2\/posts\/25803\/revisions\/25806"}],"wp:featuredmedia":[{"embeddable":true,"href":"https:\/\/afabaix.org\/es\/wp-json\/wp\/v2\/media\/25801"}],"wp:attachment":[{"href":"https:\/\/afabaix.org\/es\/wp-json\/wp\/v2\/media?parent=25803"}],"wp:term":[{"taxonomy":"category","embeddable":true,"href":"https:\/\/afabaix.org\/es\/wp-json\/wp\/v2\/categories?post=25803"},{"taxonomy":"post_tag","embeddable":true,"href":"https:\/\/afabaix.org\/es\/wp-json\/wp\/v2\/tags?post=25803"}],"curies":[{"name":"wp","href":"https:\/\/api.w.org\/{rel}","templated":true}]}}