
{"id":25975,"date":"2023-03-21T14:32:45","date_gmt":"2023-03-21T14:32:45","guid":{"rendered":"https:\/\/afabaix.org\/?p=25975"},"modified":"2023-03-21T15:39:46","modified_gmt":"2023-03-21T15:39:46","slug":"este-es-el-ultimo-tipo-de-memoria-que-olvida-una-persona-con-alzheimer","status":"publish","type":"post","link":"https:\/\/afabaix.org\/es\/este-es-el-ultimo-tipo-de-memoria-que-olvida-una-persona-con-alzheimer\/","title":{"rendered":"Este es el \u00faltimo tipo de memoria que olvida una persona con Alzheimer."},"content":{"rendered":"<p>&nbsp;<\/p>\n<p class=\"section sp-8\">La enfermedad de Alzheimer es un trastorno neurol\u00f3gico progresivo que hace que el cerebro se encoja (atrofia) y que las neuronas cerebrales mueran, de acuerdo con Mayo Clinic, entidad sin \u00e1nimo de lucro dedicada a la pr\u00e1ctica cl\u00ednica, la educaci\u00f3n y la investigaci\u00f3n.<\/p>\n<p class=\"section sp-8\">De hecho,\u00a0la enfermedad de Alzheimer es la causa m\u00e1s com\u00fan de demencia,\u00a0que seg\u00fan el Instituto Nacional sobre el Envejecimiento de Estados Unidos, la demencia es la p\u00e9rdida del funcionamiento cognitivo (pensar, recordar y razonar) y de las habilidades de comportamiento hasta tal punto que interfiere en las actividades y la vida diaria.<\/p>\n<div class=\"dfpAd mb-16 text-center\">\n<div id=\"In_Read\">Los expertos la describen como una afecci\u00f3n progresiva y que puede causar graves afectaciones de salud.<\/div>\n<\/div>\n<p class=\"section sp-8\">\u201cCon el tiempo, los s\u00edntomas del Alzheimer empeoran. Las personas pueden no reconocer a sus familiares. Pueden tener dificultades para hablar, leer o escribir. Pueden olvidar c\u00f3mo cepillarse los dientes o peinarse el cabello. M\u00e1s adelante, pueden volverse ansiosos o agresivos o deambular lejos de su casa. Finalmente, necesitan cuidados totales. Esto puede ser muy estresante para los familiares que deben encargarse de sus cuidados\u201d, explica <i>Medline Plus,\u00a0<\/i>sitio web de la Biblioteca Nacional de Medicina de Estados Unidos.<\/p>\n<p class=\"section sp-8\">De acuerdo con la Federaci\u00f3n Espa\u00f1ola de Alzheimer, la memoria afectiva es la \u00faltima memoria que pierde una persona cuando padece esta enfermedad, por lo que los expertos recomiendan hacer feliz a esa persona, adem\u00e1s de demostrar afecto, alegr\u00eda, protecci\u00f3n, entre otras cosas.<\/p>\n<p class=\"section sp-8\">Tambi\u00e9n se recomienda que cuando los familiares compartan momentos juntos ayuden a la persona poniendo la m\u00fasica que m\u00e1s les gustaba, preparando recetas que ellos disfruten, cuenten o recuerden historias en las que se rieron o fueron felices, jueguen, entre otras cosas para que fortalezcan este tipo de memoria.<\/p>\n<div class=\"section sp-8 \">\n<h2 class=\"\">\u00bfCu\u00e1les son las etapas de esta enfermedad?<\/h2>\n<\/div>\n<p class=\"section sp-8\"><i>Mayo Clinic,\u00a0<\/i>entidad sin \u00e1nimo de lucro dedicada a la pr\u00e1ctica cl\u00ednica, la educaci\u00f3n y la investigaci\u00f3n, se\u00f1ala que se debe diferenciar entre tener peque\u00f1os olvidos y algunos s\u00edntomas de Alzheimer, entre los cuales se destacan:<\/p>\n<ul class=\"section sp-8 list\">\n<li>Repetir afirmaciones y preguntas una y otra vez.<\/li>\n<li>Olvidarse de conversaciones, citas o eventos, y no recordarlos despu\u00e9s.<\/li>\n<li>Colocar sistem\u00e1ticamente objetos personales en el lugar equivocado, a menudo en lugares absurdos.<\/li>\n<li>Perderse en lugares que ya se conoce.<\/li>\n<li>Finalmente, olvidarse de los nombres de familiares y objetos de uso cotidiano.<\/li>\n<li>Tener problemas para identificar objetos con las palabras correctas, expresar pensamientos o participar en conversaciones.<\/li>\n<\/ul>\n<p class=\"section sp-8\">En caso de presentar alg\u00fan s\u00edntoma u observarlo en alguna persona, lo recomendable es consultar a un doctor para recibir una atenci\u00f3n profesional adecuada y obtener un diagn\u00f3stico correcto. Asimismo, iniciar un tratamiento m\u00e9dico.<\/p>\n<p class=\"section sp-8\">El Instituto Nacional sobre el Envejecimiento de Estados Unidos se\u00f1ala las tres etapas principales del Alzheimer:<\/p>\n<div class=\"section sp-8 \">\n<h2 class=\"\">Enfermedad de Alzheimer leve<\/h2>\n<\/div>\n<p class=\"section sp-8\">De acuerdo con el instituto, esta enfermedad al inicio puede no presentar s\u00edntomas. Por eso, es importante realizar chequeos m\u00e9dicos regularmente. Cuando la enfermedad est\u00e1 en etapa leve los s\u00edntomas pueden ser problemas para manejar dinero, repetici\u00f3n de preguntas y cambios de personalidad.<\/p>\n<div class=\"section sp-8 \">\n<h2 class=\"\">Enfermedad de Alzheimer moderada<\/h2>\n<\/div>\n<p class=\"section sp-8\">El Alzheimer es una enfermedad que con el paso del tiempo empeora. Cuando el paciente se encuentra en esta etapa el cerebro tiene da\u00f1os en las zonas donde se controla el lenguaje, razonamiento y detecci\u00f3n de sonidos olores. Por eso, la p\u00e9rdida de memoria empeora (poco reconocimiento de familiares y amigos) y se pueden tener alucinaciones y delirios.<\/p>\n<div class=\"section sp-10 mb-24\">\n<h2 class=\"\">Enfermedad de Alzheimer grave<\/h2>\n<\/div>\n<p class=\"section sp-8\">En esta etapa el da\u00f1o es grave y las personas no pueden comunicarse. Los pacientes dependen completamente de una persona para sus cuidados diarios. Algunas personas permanecen postrados en esta etapa.<\/p>\n<p class=\"section sp-8\"><i><b>Prevenci\u00f3n<\/b><\/i><\/p>\n<p class=\"section sp-8\"><b>No existe una estrategia que garantice al 100 % que no se desarrolle Alzheimer. Sin embargo, un estilo de vida saludable puede contribuir a disminuir el riesgo.\u00a0<\/b>Por ejemplo, la actividad f\u00edsica tiene beneficios para el cerebro. Seg\u00fan indican los expertos de\u00a0<i>Mayo Clinic<\/i>, entidad sin \u00e1nimo de lucro dedicada a la pr\u00e1ctica cl\u00ednica, la educaci\u00f3n y la investigaci\u00f3n,\u00a0los estudios muestran que las personas que son f\u00edsicamente activas son menos propensas a tener un deterioro de la funci\u00f3n mental\u00a0y tienen un menor riesgo a sufrir de Alzheimer.<\/p>\n<p class=\"section sp-8\">Ejercitarse ayuda a combatir factores de riesgo de esta enfermedad, como lo es la depresi\u00f3n y la obesidad. Si se realizan m\u00ednimo de 30 a 60 minutos de actividad f\u00edsica a la semana, se puede obtener lo siguiente:<\/p>\n<ul class=\"section sp-8 list\">\n<li>En las personas sanas, conservar la capacidad de pensamiento, razonamiento y aprendizaje.<\/li>\n<li>En el caso de las personas que tienen Alzheimer leve o con un deterioro cognitivo leve, puede ayudar a mejorar la memoria, el razonamiento, el juicio y la funci\u00f3n cognitiva.<\/li>\n<\/ul>\n<p>&nbsp;<\/p>\n<p><a target=\"_blank\" rel=\"noopener noreferrer\" href=\"https:\/\/www.semana.com\/vida-moderna\/articulo\/este-es-el-ultimo-tipo-de-memoria-que-olvida-una-persona-con-alzheimer\/202347\/\">Este es el \u00faltimo tipo de memoria que olvida una persona con Alzheimer (semana.com)<\/a><\/p>\n","protected":false},"excerpt":{"rendered":"<p>&nbsp; La enfermedad de Alzheimer es un trastorno neurol&oacute;gico progresivo que hace que el cerebro se encoja (atrofia) y que las neuronas cerebrales mueran, de acuerdo con Mayo Clinic, entidad<\/p>\n<div><a href=\"https:\/\/afabaix.org\/es\/este-es-el-ultimo-tipo-de-memoria-que-olvida-una-persona-con-alzheimer\/\" class=\"exp-read-more exp-read-more-underlined\">Read More<\/a><\/div>\n","protected":false},"author":2,"featured_media":25976,"comment_status":"open","ping_status":"closed","sticky":false,"template":"","format":"standard","meta":{"footnotes":""},"categories":[44],"tags":[],"class_list":["post-25975","post","type-post","status-publish","format-standard","has-post-thumbnail","hentry","category-noticies-es"],"_links":{"self":[{"href":"https:\/\/afabaix.org\/es\/wp-json\/wp\/v2\/posts\/25975","targetHints":{"allow":["GET"]}}],"collection":[{"href":"https:\/\/afabaix.org\/es\/wp-json\/wp\/v2\/posts"}],"about":[{"href":"https:\/\/afabaix.org\/es\/wp-json\/wp\/v2\/types\/post"}],"author":[{"embeddable":true,"href":"https:\/\/afabaix.org\/es\/wp-json\/wp\/v2\/users\/2"}],"replies":[{"embeddable":true,"href":"https:\/\/afabaix.org\/es\/wp-json\/wp\/v2\/comments?post=25975"}],"version-history":[{"count":2,"href":"https:\/\/afabaix.org\/es\/wp-json\/wp\/v2\/posts\/25975\/revisions"}],"predecessor-version":[{"id":25984,"href":"https:\/\/afabaix.org\/es\/wp-json\/wp\/v2\/posts\/25975\/revisions\/25984"}],"wp:featuredmedia":[{"embeddable":true,"href":"https:\/\/afabaix.org\/es\/wp-json\/wp\/v2\/media\/25976"}],"wp:attachment":[{"href":"https:\/\/afabaix.org\/es\/wp-json\/wp\/v2\/media?parent=25975"}],"wp:term":[{"taxonomy":"category","embeddable":true,"href":"https:\/\/afabaix.org\/es\/wp-json\/wp\/v2\/categories?post=25975"},{"taxonomy":"post_tag","embeddable":true,"href":"https:\/\/afabaix.org\/es\/wp-json\/wp\/v2\/tags?post=25975"}],"curies":[{"name":"wp","href":"https:\/\/api.w.org\/{rel}","templated":true}]}}