
{"id":26154,"date":"2023-04-17T15:53:08","date_gmt":"2023-04-17T15:53:08","guid":{"rendered":"https:\/\/afabaix.org\/?p=26154"},"modified":"2023-04-17T15:53:08","modified_gmt":"2023-04-17T15:53:08","slug":"detectan-alteraciones-en-proteinas-clave-para-el-desarrollo-del-alzheimer","status":"publish","type":"post","link":"https:\/\/afabaix.org\/es\/detectan-alteraciones-en-proteinas-clave-para-el-desarrollo-del-alzheimer\/","title":{"rendered":"Detectan alteraciones en prote\u00ednas clave para el desarrollo del Alzheimer"},"content":{"rendered":"<p>&nbsp;<\/p>\n<p>Un estudio de la Fundaci\u00f3n para el Fomento de la Investigaci\u00f3n Sanitaria y Biom\u00e9dica de la Comunitat Valenciana (Fisabio), organismo dependiente de la Conselleria de Sanidad Universal y Salud P\u00fablica, ha detectado alteraciones moleculares que podr\u00edan afectar a la funci\u00f3n de las prote\u00ednas acetilcolinesterasa (AChE) y presenilina-1 (PS1), ambas relacionadas con la patolog\u00eda del Alzheimer.<\/p>\n<p>El trabajo, realizado por el grupo de investigaci\u00f3n Mecanismos moleculares alterados en la enfermedad del Alzheimer, que lidera Mar\u00eda Salud Garc\u00eda Ayll\u00f3n en el Hospital General Universitario de Elche (Alicante), ha sido publicado en la prestigiosa revista International Journal of MS Care (IJMSC), seg\u00fan un comunicado de la Generalitat.<\/p>\n<p>En el deterioro cognitivo asociado a la enfermedad de Alzheimer desempe\u00f1a un papel clave la afectaci\u00f3n de una parte del sistema nervioso que implica a la prote\u00edna AChE.<\/p>\n<p>Por eso, AChE es la diana de algunos de los medicamentos que se suministran actualmente a los pacientes de Alzheimer con el fin de frenar este deterioro cognitivo. Sin embargo, la mejora cognitiva que producen s\u00f3lo es efectiva durante un periodo limitado de tiempo.<\/p>\n<p>El buen funcionamiento de esta AChE, as\u00ed como que sus niveles sean los adecuados en cerebro y otros \u00f3rganos, depende, entre otras cosas, de un proceso bioqu\u00edmico llamado glicosilaci\u00f3n con el que la prote\u00edna consigue su estructura final y localizarse correctamente en su sitio funcional.<\/p>\n<p>El estudio ha analizado este proceso en muestras de cerebro de pacientes de Alzheimer y los resultados han mostrado alteraciones en la patolog\u00eda que podr\u00edan relacionarse con la perdida de actividad de la prote\u00edna AChE en pacientes con Alzheimer.<\/p>\n<p>El personal investigador ha descrito que una gran parte de la prote\u00edna que est\u00e1 inactiva presenta una glicosilaci\u00f3n completamente diferente de la prote\u00edna que es funcional, pudiendo estar relacionada con el desarrollo de la patolog\u00eda.<\/p>\n<p>Adem\u00e1s, el trabajo ha demostrado que esta glicosilaci\u00f3n alterada en la AChE es diferente entre las dos variantes de Alzheimer: el familiar y el espor\u00e1dico. El Alzheimer familiar tiene un componente hereditario al producirse por mutaciones g\u00e9nicas, que pueden transmitirse a la descendencia. En cambio, en el desarrollo del Alzheimer espor\u00e1dico, el m\u00e1s frecuente, no tiene una etolog\u00eda concreta y pueden influir diversos factores.<\/p>\n<p>En este estudio se emplearon muestras de Alzheimer familiar originado por mutaciones en el gen PS1, lo que permiti\u00f3 confirmar una funci\u00f3n alternativa y menos conocida de esta prote\u00edna. Dicha funci\u00f3n consiste en participar en la maduraci\u00f3n correcta de otras prote\u00ednas y posibilitar que estas se localicen correctamente y desempe\u00f1en su funci\u00f3n eficazmente.<\/p>\n<p>As\u00ed, el trabajo tambi\u00e9n concluye que alteraciones en PS1 afectar\u00edan a la maduraci\u00f3n y funcionalidad de AChE, contribuyendo, de nuevo, al desarrollo de la patolog\u00eda.<\/p>\n<p>Ambos resultados implican conocer con m\u00e1s detalle las alteraciones que presenta la prote\u00edna AChE y el papel de PS1 en la patolog\u00eda del Alzheimer y podr\u00edan contribuir al dise\u00f1o de nuevas estrategias terap\u00e9uticas mucho m\u00e1s selectivas.<\/p>\n<p>\u201cEsto supone un gran avance en el conocimiento del Alzheimer. Hemos demostrado como la prote\u00edna AChE est\u00e1 diferentemente afectada tanto en la enfermedad de Alzheimer espor\u00e1dica como en la familiar causada por mutaciones de PS1\u201d, ha asegurado Mar\u00eda Salud Garc\u00eda Ayll\u00f3n, investigadora de Fisabio en el Hospital General Universitario de Elche y en el Instituto de Neurociencias de la Universidad Miguel Hern\u00e1ndez-CSIC (IN, UMH-CSIC).<\/p>\n<p>Ha a\u00f1adido que \u201ceste mismo fen\u00f3meno podr\u00eda estar ocurriendo con otras prote\u00ednas reguladas por PS1 e implicadas en la patolog\u00eda, un hecho que indica que hay que ser cuidadoso en el dise\u00f1o de terapias y discriminar efectos que podr\u00edan ser incluso opuestos entre ambas formas de la patolog\u00eda\u201d, ha indicado Garc\u00eda Ayll\u00f3n, autora principal del art\u00edculo.<\/p>\n<p>Este trabajo se ha realizado en colaboraci\u00f3n con Javier S\u00e1ez-Valero, del IN, UMH-CSIC e Investigador Principal de grupo en el Centro de Investigaci\u00f3n Biom\u00e9dica en Red sobre Enfermedades Neurodegenerativas (CiberNED).<\/p>\n<p>&nbsp;<\/p>\n<p>EFE<\/p>\n","protected":false},"excerpt":{"rendered":"<p>&nbsp; Un estudio de la Fundaci&oacute;n para el Fomento de la Investigaci&oacute;n Sanitaria y Biom&eacute;dica de la Comunitat Valenciana (Fisabio), organismo dependiente de la Conselleria de Sanidad Universal y Salud<\/p>\n<div><a href=\"https:\/\/afabaix.org\/es\/detectan-alteraciones-en-proteinas-clave-para-el-desarrollo-del-alzheimer\/\" class=\"exp-read-more exp-read-more-underlined\">Read More<\/a><\/div>\n","protected":false},"author":2,"featured_media":26152,"comment_status":"open","ping_status":"closed","sticky":false,"template":"","format":"standard","meta":{"footnotes":""},"categories":[44],"tags":[],"class_list":["post-26154","post","type-post","status-publish","format-standard","has-post-thumbnail","hentry","category-noticies-es"],"_links":{"self":[{"href":"https:\/\/afabaix.org\/es\/wp-json\/wp\/v2\/posts\/26154","targetHints":{"allow":["GET"]}}],"collection":[{"href":"https:\/\/afabaix.org\/es\/wp-json\/wp\/v2\/posts"}],"about":[{"href":"https:\/\/afabaix.org\/es\/wp-json\/wp\/v2\/types\/post"}],"author":[{"embeddable":true,"href":"https:\/\/afabaix.org\/es\/wp-json\/wp\/v2\/users\/2"}],"replies":[{"embeddable":true,"href":"https:\/\/afabaix.org\/es\/wp-json\/wp\/v2\/comments?post=26154"}],"version-history":[{"count":2,"href":"https:\/\/afabaix.org\/es\/wp-json\/wp\/v2\/posts\/26154\/revisions"}],"predecessor-version":[{"id":26156,"href":"https:\/\/afabaix.org\/es\/wp-json\/wp\/v2\/posts\/26154\/revisions\/26156"}],"wp:featuredmedia":[{"embeddable":true,"href":"https:\/\/afabaix.org\/es\/wp-json\/wp\/v2\/media\/26152"}],"wp:attachment":[{"href":"https:\/\/afabaix.org\/es\/wp-json\/wp\/v2\/media?parent=26154"}],"wp:term":[{"taxonomy":"category","embeddable":true,"href":"https:\/\/afabaix.org\/es\/wp-json\/wp\/v2\/categories?post=26154"},{"taxonomy":"post_tag","embeddable":true,"href":"https:\/\/afabaix.org\/es\/wp-json\/wp\/v2\/tags?post=26154"}],"curies":[{"name":"wp","href":"https:\/\/api.w.org\/{rel}","templated":true}]}}