
{"id":26386,"date":"2023-07-04T17:48:27","date_gmt":"2023-07-04T17:48:27","guid":{"rendered":"https:\/\/afabaix.org\/?p=26386"},"modified":"2023-07-04T17:49:30","modified_gmt":"2023-07-04T17:49:30","slug":"solo-el-2-de-los-medicamentos-para-el-alzheimer-llega-al-mercado","status":"publish","type":"post","link":"https:\/\/afabaix.org\/es\/solo-el-2-de-los-medicamentos-para-el-alzheimer-llega-al-mercado\/","title":{"rendered":"Solo el 2% de los medicamentos para el Alzheimer llega al mercado"},"content":{"rendered":"<h4 class=\"td-post-sub-title\">En la actualidad no existen terapias modificadoras de la enfermedad que var\u00eden su curso, reviertan o ralenticen sus efectos<\/h4>\n<div class=\"td-module-meta-info\">\n<div class=\"td-post-author-name\">\n<div class=\"td-author-by\">\n<p><strong>El Alzheimer es un tipo de demencia que<\/strong>, junto a otras\u00a0enfermedades neurodegenerativas\u00a0de este tipo,<strong>\u00a0afecta a alrededor de 900.000 personas en Espa\u00f1a<\/strong>. Hoy en d\u00eda, se sabe que un exceso de la prote\u00edna amiloide es el que provoca la aparici\u00f3n de la enfermedad y que, despu\u00e9s de esta prote\u00edna, aparecen alteraciones en la Tau. Sin embargo, pese a que los tratamientos disponibles ayudan a aliviar algunos de los s\u00edntomas,\u00a0<strong>no existen terapias modificadoras de la enfermedad<\/strong>\u00a0que var\u00eden el curso del Alzheimer, reviertan o ralenticen sus efectos.<\/p>\n<p><strong>Con una tasa de \u00e9xito del 2 por ciento<\/strong>, seg\u00fan datos ofrecidos por la patronal americana Phrma, el desarrollo de nuevos f\u00e1rmacos para la enfermedad de Alzheimer se caracteriza por ser un\u00a0<strong>proceso caro, largo y complejo para las compa\u00f1\u00edas<\/strong>. Este hecho hace que se hayan dedicado menos esfuerzos econ\u00f3micos en esta \u00e1rea terap\u00e9utica. \u201cLa inversi\u00f3n en investigaci\u00f3n en Alzheimer es menor que en otras \u00e1reas como el c\u00e1ncer o el VIH\u201d, explica a El Global Raquel S\u00e1nchez-Valle, jefa del Servicio de Neurolog\u00eda del Hospital Cl\u00ednic de Barcelona.<\/p>\n<p>La enfermedad de Alzheimer tiene una serie de peculiaridades que llevan a que la industria farmac\u00e9utica no termine de dar con la tecla para hacer llegar al mercado un f\u00e1rmaco que\u00a0<strong>consiga detener la enfermedad<\/strong>. Por un lado, el tiempo que se necesita para evaluar la eficacia de un tratamiento es mayor al de otras patolog\u00edas porque el Alzheimer es una enfermedad lentamente progresiva. Este largo proceso repercute en que el coste del desarrollo de estos f\u00e1rmacos sea mayor en comparaci\u00f3n con otras \u00e1reas.<\/p>\n<p>A lo citado anteriormente habr\u00eda que sumar las peculiaridades que existen a\u00a0<strong>nivel biol\u00f3gico<\/strong>. El primer problema que se encuentran las compa\u00f1\u00edas que deciden apostar por este campo terap\u00e9utico es que<strong>\u00a0las neuronas no se regeneran<\/strong>, lo que obliga a necesitar tratamientos lo suficientemente precoces para detener el proceso de la enfermedad. Otro inconveniente es que la\u00a0<strong>barrera que protege al cerebro<\/strong>\u00a0(hematoencef\u00e1lica) impide que los f\u00e1rmacos consigan llegar al mismo. En este sentido, esta barrera hace que los f\u00e1rmacos penetren peor y, por consiguiente, al no llegar al cerebro, muchos no pueden actuar.<\/p>\n<p>\u201c<strong>En todas las enfermedades neurodegenerativas hay unas dificultades para obtener tratamientos que sean eficaces y en Alzheimer ocurre lo mismo<\/strong>\u201d, afirma S\u00e1nchez-Valle. Otra de las claves es que hasta hace relativamente pocos a\u00f1os no se dispon\u00eda de la tomograf\u00eda por emisi\u00f3n de positrones. La funci\u00f3n de esta tecnolog\u00eda es visualizar en pacientes vivos qu\u00e9 carga de amiloide tienen y si los f\u00e1rmacos van a tener resultados. \u201cPreviamente a la tomograf\u00eda por emisi\u00f3n de positrones no se pod\u00eda monitorizar si el f\u00e1rmaco estaba eliminando el amiloide\u201d, a\u00f1ade.<\/p>\n<blockquote class=\"wp-block-quote\">\n<p class=\"has-text-align-center\"><strong>\u201cEn todas las enfermedades neurodegenerativas hay unas dificultades para obtener tratamientos que sean eficaces y en Alzheimer ocurre lo mismo\u201d<\/strong><\/p>\n<\/blockquote>\n<p>Seg\u00fan datos difundidos por el informe \u2018Alzheimer\u2019s Disease Drug Development Pipeline\u2019,\u00a0<strong>en 2020 hab\u00eda 136 ensayos en marcha<\/strong>, correspondientes a 121 medicamentos. De esa cantidad, la mayor parte de ellos se encontraban en fase II (65). Sin embargo, muchos se quedan estancados en esta fase porque no se ven indicios de que las mol\u00e9culas puedan ofrecer efectos cl\u00ednicos.<\/p>\n<h3><strong>Mercado actual<\/strong><\/h3>\n<p>La primera diana terap\u00e9utica que se aprob\u00f3 fue la<strong>\u00a0colin\u00e9rgica<\/strong>. Los pacientes con Alzheimer presentan una disminuci\u00f3n de un neurotransmisor llamado acetilcolina. A finales de la d\u00e9cada de 1990, principios de los a\u00f1os 2000, f\u00e1rmacos como el donepezilo, la rivastigmina y la galantamina llegaban al mercado para aumentar los niveles de este neurotransmisor. El segundo tipo de f\u00e1rmacos en aprobarse fue la memantina, que act\u00faa sobre otro neurotransmisor, el glutamato, tambi\u00e9n implicado en algunas funciones cognitivas.<\/p>\n<p>En la actualidad hay una serie de f\u00e1rmacos modificadores del curso de la enfermedad que\u00a0<strong>ultiman su llegada al mercado<\/strong>. El primero de ellos es Leqembi (lecanemab), desarrollado por Eisai y Biogen. Se trata de un anticuerpo monoclonal inyectable para uso intravenoso, destinado a eliminar la beta-amiloide del cerebro. Seg\u00fan se especifica en la ficha t\u00e9cnica, debe iniciarse en pacientes con deterioro cognitivo leve o demencia leve, etapas tempranas de la enfermedad que se estudiaron en los ensayos cl\u00ednicos. Oto f\u00e1rmaco muy similar es el\u00a0donanemab de Lilly. \u201c<strong>Hay unas peque\u00f1as diferencias entre ambos f\u00e1rmacos<\/strong>, pero a \u2018grosso modo\u2019 son dos terapias anti-amiloides que han demostrado que limpian el cerebro del exceso de amiloide\u201d, recalca S\u00e1nchez-Valle.<\/p>\n<p>En el caso de los\u00a0<strong>f\u00e1rmacos anti-tau<\/strong>,\u00a0<strong>estos se dirigen al ARN y modifican la expresi\u00f3n de las formas patol\u00f3gicas de la Tau<\/strong>. Se sigue investigando sobre ello, pero desde enero la \u00fanica novedad que ha habido al respecto ha sido esta tecnolog\u00eda que va por la expresi\u00f3n de. Tambi\u00e9n empieza a haber alguna evidencia de que, al hacer una reducci\u00f3n muy importante del amiloide, podr\u00eda ser que los niveles de tau no aumentasen tanto\u201d, concluye S\u00e1nchez-Valle.<\/p>\n<\/div>\n<p>Ana S\u00e1nchez Caja<\/p>\n<\/div>\n<div class=\"td-post-author-name\">\n<div><\/div>\n<div class=\"td-author-line\"><a href=\"https:\/\/elglobal.es\/industria\/solo-el-2-de-los-medicamentos-para-el-alzheimer-llega-al-mercado\/\" target=\"_blank\" rel=\"noopener\">Solo el 2% de los medicamentos para el Alzheimer llega al mercado (elglobal.es)<\/a><\/div>\n<\/div>\n<\/div>\n","protected":false},"excerpt":{"rendered":"<p>En la actualidad no existen terapias modificadoras de la enfermedad que var&iacute;en su curso, reviertan o ralenticen sus efectos El Alzheimer es un tipo de demencia que, junto a otras&nbsp;enfermedades<\/p>\n<div><a href=\"https:\/\/afabaix.org\/es\/solo-el-2-de-los-medicamentos-para-el-alzheimer-llega-al-mercado\/\" class=\"exp-read-more exp-read-more-underlined\">Read More<\/a><\/div>\n","protected":false},"author":2,"featured_media":26387,"comment_status":"open","ping_status":"closed","sticky":false,"template":"","format":"standard","meta":{"footnotes":""},"categories":[],"tags":[],"class_list":["post-26386","post","type-post","status-publish","format-standard","has-post-thumbnail","hentry"],"_links":{"self":[{"href":"https:\/\/afabaix.org\/es\/wp-json\/wp\/v2\/posts\/26386","targetHints":{"allow":["GET"]}}],"collection":[{"href":"https:\/\/afabaix.org\/es\/wp-json\/wp\/v2\/posts"}],"about":[{"href":"https:\/\/afabaix.org\/es\/wp-json\/wp\/v2\/types\/post"}],"author":[{"embeddable":true,"href":"https:\/\/afabaix.org\/es\/wp-json\/wp\/v2\/users\/2"}],"replies":[{"embeddable":true,"href":"https:\/\/afabaix.org\/es\/wp-json\/wp\/v2\/comments?post=26386"}],"version-history":[{"count":2,"href":"https:\/\/afabaix.org\/es\/wp-json\/wp\/v2\/posts\/26386\/revisions"}],"predecessor-version":[{"id":26390,"href":"https:\/\/afabaix.org\/es\/wp-json\/wp\/v2\/posts\/26386\/revisions\/26390"}],"wp:featuredmedia":[{"embeddable":true,"href":"https:\/\/afabaix.org\/es\/wp-json\/wp\/v2\/media\/26387"}],"wp:attachment":[{"href":"https:\/\/afabaix.org\/es\/wp-json\/wp\/v2\/media?parent=26386"}],"wp:term":[{"taxonomy":"category","embeddable":true,"href":"https:\/\/afabaix.org\/es\/wp-json\/wp\/v2\/categories?post=26386"},{"taxonomy":"post_tag","embeddable":true,"href":"https:\/\/afabaix.org\/es\/wp-json\/wp\/v2\/tags?post=26386"}],"curies":[{"name":"wp","href":"https:\/\/api.w.org\/{rel}","templated":true}]}}