
{"id":27060,"date":"2023-10-10T15:18:29","date_gmt":"2023-10-10T15:18:29","guid":{"rendered":"https:\/\/afabaix.org\/?p=27060"},"modified":"2023-10-10T17:57:31","modified_gmt":"2023-10-10T17:57:31","slug":"habitos-saludables-y-nuevos-farmacos-principales-armas-contra-el-alzheimer","status":"publish","type":"post","link":"https:\/\/afabaix.org\/es\/habitos-saludables-y-nuevos-farmacos-principales-armas-contra-el-alzheimer\/","title":{"rendered":"H\u00e1bitos saludables y nuevos f\u00e1rmacos, principales armas contra el alzh\u00e9imer."},"content":{"rendered":"<p>La Asociaci\u00f3n de Familiares de Personas con Alzheimer y Otras demencias del Baix Llobregat (AFA Baix), en colaboraci\u00f3n con la Cooperativa Obrera de Viviendas (COV), ha invitado al doctor Jordi Gasc\u00f3n Bayarri a dar una charla sobre demencias el pasado jueves 5 de octubre en la sede de la COV de El Prat (pl. Roig\u00e9 y Badia, 3).<\/p>\n<p>En una entrevista en elprat.radio (se puede escuchar a trav\u00e9s del enlace situado al final de esta pieza), el doctor Gasc\u00f3n ha explicado que para prevenir demencias como el alzheimer es fundamental mantener unos buenos h\u00e1bitos de salud como dormir bien y suficiente, llevar una alimentaci\u00f3n saludable, realizar actividad f\u00edsica, mantener buenas relaciones sociales y controlar aspectos metab\u00f3licos como el colesterol, la diabetes, la presi\u00f3n arterial, etc.<\/p>\n<p>Jordi Gasc\u00f3n tambi\u00e9n ha valorado muy positivamente la pr\u00f3xima comercializaci\u00f3n de medicamentos como el Lecanemab (ya aprobado en Estados Unidos) y el Donanemab, que est\u00e1n pensados para ser administrados durante las etapas tempranas del alzh\u00e9imer y que parece que van a incidir muy positivamente en el curso evolutivo de la enfermedad.<\/p>\n<p>Jordi Gasc\u00f3n es especialista en neurolog\u00eda en el hospital de Bellvitge y tiene una consulta privada en nuestra ciudad.<\/p>\n<p>Entrevista a Merc\u00e8 Rull, directora de AFA Baix, y al doctor Jordi Gasc\u00f3n:<\/p>\n<audio class=\"wp-audio-shortcode\" id=\"audio-27060-1\" preload=\"none\" style=\"width: 100%;\" controls=\"controls\"><source type=\"audio\/mpeg\" src=\"https:\/\/afabaix.org\/wp-content\/uploads\/2023\/10\/231003_103500_planeta_prat.mp3?_=1\" \/><a href=\"https:\/\/afabaix.org\/wp-content\/uploads\/2023\/10\/231003_103500_planeta_prat.mp3\">https:\/\/afabaix.org\/wp-content\/uploads\/2023\/10\/231003_103500_planeta_prat.mp3<\/a><\/audio>\n","protected":false},"excerpt":{"rendered":"<p>La Asociaci&oacute;n de Familiares de Personas con Alzheimer y Otras demencias del Baix Llobregat (AFA Baix), en colaboraci&oacute;n con la Cooperativa Obrera de Viviendas (COV), ha invitado al doctor Jordi<\/p>\n<div><a href=\"https:\/\/afabaix.org\/es\/habitos-saludables-y-nuevos-farmacos-principales-armas-contra-el-alzheimer\/\" class=\"exp-read-more exp-read-more-underlined\">Read More<\/a><\/div>\n","protected":false},"author":2,"featured_media":27058,"comment_status":"closed","ping_status":"closed","sticky":false,"template":"","format":"standard","meta":{"footnotes":""},"categories":[43],"tags":[],"class_list":["post-27060","post","type-post","status-publish","format-standard","has-post-thumbnail","hentry","category-sense-categoria-es"],"_links":{"self":[{"href":"https:\/\/afabaix.org\/es\/wp-json\/wp\/v2\/posts\/27060","targetHints":{"allow":["GET"]}}],"collection":[{"href":"https:\/\/afabaix.org\/es\/wp-json\/wp\/v2\/posts"}],"about":[{"href":"https:\/\/afabaix.org\/es\/wp-json\/wp\/v2\/types\/post"}],"author":[{"embeddable":true,"href":"https:\/\/afabaix.org\/es\/wp-json\/wp\/v2\/users\/2"}],"replies":[{"embeddable":true,"href":"https:\/\/afabaix.org\/es\/wp-json\/wp\/v2\/comments?post=27060"}],"version-history":[{"count":4,"href":"https:\/\/afabaix.org\/es\/wp-json\/wp\/v2\/posts\/27060\/revisions"}],"predecessor-version":[{"id":27065,"href":"https:\/\/afabaix.org\/es\/wp-json\/wp\/v2\/posts\/27060\/revisions\/27065"}],"wp:featuredmedia":[{"embeddable":true,"href":"https:\/\/afabaix.org\/es\/wp-json\/wp\/v2\/media\/27058"}],"wp:attachment":[{"href":"https:\/\/afabaix.org\/es\/wp-json\/wp\/v2\/media?parent=27060"}],"wp:term":[{"taxonomy":"category","embeddable":true,"href":"https:\/\/afabaix.org\/es\/wp-json\/wp\/v2\/categories?post=27060"},{"taxonomy":"post_tag","embeddable":true,"href":"https:\/\/afabaix.org\/es\/wp-json\/wp\/v2\/tags?post=27060"}],"curies":[{"name":"wp","href":"https:\/\/api.w.org\/{rel}","templated":true}]}}