
{"id":27189,"date":"2023-11-10T19:54:42","date_gmt":"2023-11-10T19:54:42","guid":{"rendered":"https:\/\/afabaix.org\/?p=27189"},"modified":"2023-11-10T20:10:38","modified_gmt":"2023-11-10T20:10:38","slug":"que-puede-ofrecer-la-ley-de-dependencia-a-personas-con-alzheimer-y-su-entorno","status":"publish","type":"post","link":"https:\/\/afabaix.org\/es\/que-puede-ofrecer-la-ley-de-dependencia-a-personas-con-alzheimer-y-su-entorno\/","title":{"rendered":"Qu\u00e9 puede ofrecer la Ley de Dependencia a personas con Alzheimer y su entorno"},"content":{"rendered":"<p>&nbsp;<\/p>\n<p>Una de las dudas que surgen cuando llega un diagn\u00f3stico de Alzheimer u otras demencias en el s\u00ed de una familia es saber qu\u00e9 recursos p\u00fablicos existen para apoyar en la persona diagnosticada y su entorno.<\/p>\n<p>Para acceder a la mayor\u00eda de ellos, hace falta el reconocimiento del grado de dependencia de la persona que regula la Ley 39\/2006 para la Promoci\u00f3n de la Autonom\u00eda Personal y por la atenci\u00f3n a las personas en situaci\u00f3n de Dependencia, m\u00e1s conocida como Ley de Dependencia.<\/p>\n<p>Se considera persona dependiente aquella a quien, de manera permanente, le hace falta la atenci\u00f3n de una u otras personas por razones derivadas de la edad, enfermedad o discapacidad y ligadas a la falta de autonom\u00eda f\u00edsica, mental, intelectual o sensorial. En el caso de las personas con Alzheimer, a medida que avanza el deterioro cognitivo lo hace tambi\u00e9n la necesidad de apoyo. De manera escalonada, produce una dependencia total.<\/p>\n<p>Para solicitar la valoraci\u00f3n y la adquisici\u00f3n del grado de dependencia, hace falta o llenar el\u00a0<a href=\"https:\/\/web.gencat.cat\/ca\/tramits\/tramits-temes\/Reconeixement-de-la-situacio-de-dependencia\" target=\"_blank\" rel=\"noopener\">formulario web<\/a>\u00a0espec\u00edfico de la Generalitat, o hacerlo presencialmente a las oficinas de atenci\u00f3n ciudadana del departamento de Trabajo, Asuntos Sociales y Familias, a las oficinas de Servicios Sociales generales del resto de administraciones o en el Centro de Atenci\u00f3n Primaria de Salud. Una vez hecha, un profesional del Servicio de Valoraci\u00f3n de la Dependencia se pondr\u00e1 en contacto con la persona solicitante para realizar una visita al domicilio o en el centro donde reside, y en el plazo de m\u00e1ximo 3 meses, la persona interesada recibir\u00e1 una carta certificada con la resoluci\u00f3n del grado reconocido.<\/p>\n<p>Con la resoluci\u00f3n, que se puede reclamar en caso de no estar de acuerdo, se especifican los servicios o las prestaciones econ\u00f3micas que corresponden a la persona solicitante.<\/p>\n<p>C\u00f3mo dec\u00edamos, seg\u00fan la necesidad de ayuda que tiene una persona para realizar las actividades b\u00e1sicas de la vida diaria, a partir del baremo de valoraci\u00f3n de la dependencia (BVD) se establecen tres grados de dependencia:<\/p>\n<ul>\n<li><strong>GRADO I. \u00a0Dependencia moderada<\/strong>: Necesita ayuda para realizar las Actividades B\u00e1sicas de la Vida Diaria (ABVD) al menos una vez al d\u00eda. Tiene necesidades de apoyo intermitente o limitado para su autonom\u00eda personal.<\/li>\n<li><strong>GRADO II. Dependencia severa<\/strong>: Necesita ayuda para realizar las ABVD dos o tres veces al d\u00eda. No necesita el apoyo permanente de un cuidador. Tiene necesidades de apoyo extenso para su autonom\u00eda personal.<\/li>\n<li><strong>GRADO III. Gran dependencia<\/strong>: Necesita ayuda para realizar las ABVD varias veces al d\u00eda. Por su p\u00e9rdida total de autonom\u00eda necesita el apoyo indispensable, continuo y generalizado de otra persona.<\/li>\n<\/ul>\n<p>Una vez determinado el Grado, desde los Servicios Sociales del Ayuntamiento o desde los Servicios Sociales del centro donde reside (en caso de que la persona est\u00e9 ingresada), se proceder\u00e1 a realizar el Programa Individual de Atenci\u00f3n (PIA). El PIA tiene como objetivo conocer las preferencias de la persona afectada y sus necesidades, para determinar a qu\u00e9 prestaciones y servicios puede acceder.<\/p>\n<p>Sobre las prestaciones econ\u00f3micas a las que podr\u00e1 acceder, las principales son:<\/p>\n<p>\u2013\u00a0<strong>Prestaci\u00f3n para curas en el entorno familiar y apoyo a cuidadores<\/strong>. Pensado para facilitar el mantenimiento de la persona afectada y respetar la voluntad de residir a su propio domicilio. Se incluyen personas cuidadoras no profesionales de hasta cuarto grado de parentesco y personas de su entorno relacional que est\u00e9n en condiciones de prestarle apoyos y curas.<\/p>\n<p>\u2013\u00a0<strong>Prestaci\u00f3n vinculada al servicio<\/strong>. Destinada a la cobertura de los gastos de los servicios previstos al PIA cuando no es posible la atenci\u00f3n por parte de un servicio p\u00fablico o concertado, por ejemplo, los Servicios de atenci\u00f3n domiciliaria, Servicio de centro de d\u00eda para gente mayor o servicios de centros residenciales para gente mayor.<\/p>\n<p>Hay que tener en cuenta, adem\u00e1s, algunas novedades publicadas en el Bolet\u00edn Oficial del Estado en julio del 2023, como por ejemplo que se suprime el periodo previo de prestaci\u00f3n de curas familiares que estaba en un a\u00f1o, desaparece la limitaci\u00f3n sobre el cuidador o cuidadora no profesional para que tambi\u00e9n pueda tener reconocido un grado de dependencia, tambi\u00e9n desaparece el requisito de convivencia, se establece el servicio de teleasistencia como servicio complementario, se incrementan el n\u00famero de horas del servicio de ayuda a domicilio y se ampl\u00edan nuevas cuant\u00edas m\u00e1ximas y m\u00ednimas.<\/p>\n<p>&nbsp;<\/p>\n<p><a href=\"https:\/\/alzheimercatalunya.org\/es\/que-puede-ofrecer-ley-dependencia\/\" target=\"_blank\" rel=\"noopener\">Que ofrece la Ley de Dependencia a personas con Alzheimer (alzheimercatalunya.org)<\/a><\/p>\n","protected":false},"excerpt":{"rendered":"<p>&nbsp; Una de las dudas que surgen cuando llega un diagn&oacute;stico de Alzheimer u otras demencias en el s&iacute; de una familia es saber qu&eacute; recursos p&uacute;blicos existen para apoyar<\/p>\n<div><a href=\"https:\/\/afabaix.org\/es\/que-puede-ofrecer-la-ley-de-dependencia-a-personas-con-alzheimer-y-su-entorno\/\" class=\"exp-read-more exp-read-more-underlined\">Read More<\/a><\/div>\n","protected":false},"author":2,"featured_media":27187,"comment_status":"closed","ping_status":"closed","sticky":false,"template":"","format":"standard","meta":{"footnotes":""},"categories":[44],"tags":[],"class_list":["post-27189","post","type-post","status-publish","format-standard","has-post-thumbnail","hentry","category-noticies-es"],"_links":{"self":[{"href":"https:\/\/afabaix.org\/es\/wp-json\/wp\/v2\/posts\/27189","targetHints":{"allow":["GET"]}}],"collection":[{"href":"https:\/\/afabaix.org\/es\/wp-json\/wp\/v2\/posts"}],"about":[{"href":"https:\/\/afabaix.org\/es\/wp-json\/wp\/v2\/types\/post"}],"author":[{"embeddable":true,"href":"https:\/\/afabaix.org\/es\/wp-json\/wp\/v2\/users\/2"}],"replies":[{"embeddable":true,"href":"https:\/\/afabaix.org\/es\/wp-json\/wp\/v2\/comments?post=27189"}],"version-history":[{"count":2,"href":"https:\/\/afabaix.org\/es\/wp-json\/wp\/v2\/posts\/27189\/revisions"}],"predecessor-version":[{"id":27191,"href":"https:\/\/afabaix.org\/es\/wp-json\/wp\/v2\/posts\/27189\/revisions\/27191"}],"wp:featuredmedia":[{"embeddable":true,"href":"https:\/\/afabaix.org\/es\/wp-json\/wp\/v2\/media\/27187"}],"wp:attachment":[{"href":"https:\/\/afabaix.org\/es\/wp-json\/wp\/v2\/media?parent=27189"}],"wp:term":[{"taxonomy":"category","embeddable":true,"href":"https:\/\/afabaix.org\/es\/wp-json\/wp\/v2\/categories?post=27189"},{"taxonomy":"post_tag","embeddable":true,"href":"https:\/\/afabaix.org\/es\/wp-json\/wp\/v2\/tags?post=27189"}],"curies":[{"name":"wp","href":"https:\/\/api.w.org\/{rel}","templated":true}]}}