
{"id":28374,"date":"2025-01-07T19:16:01","date_gmt":"2025-01-07T19:16:01","guid":{"rendered":"https:\/\/afabaix.org\/?p=28374"},"modified":"2025-01-07T19:21:14","modified_gmt":"2025-01-07T19:21:14","slug":"valoraciones-cognitivas-gratuitas-en-los-centros-de-la-afa","status":"publish","type":"post","link":"https:\/\/afabaix.org\/es\/valoraciones-cognitivas-gratuitas-en-los-centros-de-la-afa\/","title":{"rendered":"Valoraciones cognitivas gratuitas en los Centros de la AFA."},"content":{"rendered":"<div class=\"n4sEPd\">\n<div class=\"QFw9Te BLojaf\">\n<div id=\"ow10\">\n<p>Si revisamos peri\u00f3dicamente c\u00f3mo funciona nuestro cuerpo, \u00bfpor qu\u00e9 no valoramos peri\u00f3dicamente c\u00f3mo funciona nuestro cerebro,\u00a0la parte que lo hace funcionar todo ?<\/p>\n<p>Es importante tener en cuenta que, al igual que nuestro cuerpo necesita unos h\u00e1bitos saludables para mantenerse sano, tambi\u00e9n es necesario cuidar\u00a0 nuestro cerebro para tener una buena salud cerebral. Debemos cuidar, no s\u00f3lo lo que comemos y lo que hacemos en nuestra vida diaria, sino tambi\u00e9n nuestro cerebro ejercit\u00e1ndolo d\u00eda a d\u00eda.<\/p>\n<p>Es recomendable tambi\u00e9n una valoraci\u00f3n neuropsicol\u00f3gica peri\u00f3dica a medida que nos vayamos haciendo mayores, para controlar los cambios que se producen en nuestro cerebro.<\/p>\n<p>Bajo estas acertadas premisas, la AFA Baix Llobregat dispone de un programa de actuaci\u00f3n que\u00a0 facilita el acceso a servicios de valoraci\u00f3n neuropsicol\u00f3gica, poniendo a disposici\u00f3n del p\u00fablico general herramientas de diagn\u00f3stico que puedan detectar posibles anormalidades en el funcionamiento cognitivo y as\u00ed poder derivar a las personas que lo requieran a los profesionales m\u00e9dicos y equipos y recursos profesionales adecuados.<\/p>\n<p>La valoraci\u00f3n neuropsicol\u00f3gica consiste en la resoluci\u00f3n de una serie de tests sobre papel -por tanto no invasivos e indoloros-, r\u00e1pidos de contestar, que nos permiten tener una idea general del estado cognitivo de los candidatos y poder detectar posibles signos de bajo rendimiento cerebral, para valorar si debe realizarse alguna intervenci\u00f3n.<\/p>\n<p>Las revisiones se realizan en nuestros Centros Alois y en el Espai Fem Memoria, as\u00ed como en los talleres que organiza la AFA en toda la Comarca.<\/p>\n<p>Es importante destacar que<strong> las conclusiones extra\u00eddas a ra\u00edz de la valoraci\u00f3n cognitiva, totalmente gratuita, NO son un diagn\u00f3stico cl\u00ednico como tal.<\/strong><\/p>\n<p>Puede concretar una cita para realizar esta valoraci\u00f3n cognitiva en el Centro Alois que le quede m\u00e1s cerca o en el Espai Fem Memoria de Sant Boi.<\/p>\n<p>&nbsp;<\/p>\n<p><a href=\"https:\/\/afabaix.org\/CENTRES\/\">Podeu consultar els tel\u00e8fons i mail de contacte clicant aqu\u00ed.\u00a0<\/a><\/p>\n<\/div>\n<\/div>\n<\/div>\n","protected":false},"excerpt":{"rendered":"<p>Si revisamos peri&oacute;dicamente c&oacute;mo funciona nuestro cuerpo, &iquest;por qu&eacute; no valoramos peri&oacute;dicamente c&oacute;mo funciona nuestro cerebro,&nbsp;la parte que lo hace funcionar todo ? Es importante tener en cuenta que, al<\/p>\n<div><a href=\"https:\/\/afabaix.org\/es\/valoraciones-cognitivas-gratuitas-en-los-centros-de-la-afa\/\" class=\"exp-read-more exp-read-more-underlined\">Read More<\/a><\/div>\n","protected":false},"author":2,"featured_media":28372,"comment_status":"closed","ping_status":"closed","sticky":false,"template":"","format":"standard","meta":{"footnotes":""},"categories":[44],"tags":[],"class_list":["post-28374","post","type-post","status-publish","format-standard","has-post-thumbnail","hentry","category-noticies-es"],"_links":{"self":[{"href":"https:\/\/afabaix.org\/es\/wp-json\/wp\/v2\/posts\/28374","targetHints":{"allow":["GET"]}}],"collection":[{"href":"https:\/\/afabaix.org\/es\/wp-json\/wp\/v2\/posts"}],"about":[{"href":"https:\/\/afabaix.org\/es\/wp-json\/wp\/v2\/types\/post"}],"author":[{"embeddable":true,"href":"https:\/\/afabaix.org\/es\/wp-json\/wp\/v2\/users\/2"}],"replies":[{"embeddable":true,"href":"https:\/\/afabaix.org\/es\/wp-json\/wp\/v2\/comments?post=28374"}],"version-history":[{"count":4,"href":"https:\/\/afabaix.org\/es\/wp-json\/wp\/v2\/posts\/28374\/revisions"}],"predecessor-version":[{"id":28378,"href":"https:\/\/afabaix.org\/es\/wp-json\/wp\/v2\/posts\/28374\/revisions\/28378"}],"wp:featuredmedia":[{"embeddable":true,"href":"https:\/\/afabaix.org\/es\/wp-json\/wp\/v2\/media\/28372"}],"wp:attachment":[{"href":"https:\/\/afabaix.org\/es\/wp-json\/wp\/v2\/media?parent=28374"}],"wp:term":[{"taxonomy":"category","embeddable":true,"href":"https:\/\/afabaix.org\/es\/wp-json\/wp\/v2\/categories?post=28374"},{"taxonomy":"post_tag","embeddable":true,"href":"https:\/\/afabaix.org\/es\/wp-json\/wp\/v2\/tags?post=28374"}],"curies":[{"name":"wp","href":"https:\/\/api.w.org\/{rel}","templated":true}]}}