
{"id":28991,"date":"2025-06-19T15:32:38","date_gmt":"2025-06-19T15:32:38","guid":{"rendered":"https:\/\/afabaix.org\/?p=28991"},"modified":"2025-06-19T15:32:38","modified_gmt":"2025-06-19T15:32:38","slug":"un-hallazgo-cientifico-revela-el-origen-del-alzheimer-en-el-cerebro","status":"publish","type":"post","link":"https:\/\/afabaix.org\/es\/un-hallazgo-cientifico-revela-el-origen-del-alzheimer-en-el-cerebro\/","title":{"rendered":"Un hallazgo cient\u00edfico revela el origen del Alzheimer en el cerebro"},"content":{"rendered":"<h4>El estudio detect\u00f3 el momento en que una mol\u00e9cula clave empieza a agruparse y provocar la enfermedad<\/h4>\n<p class=\"paragraph\" data-mrf-recirculation=\"Links inline\">En una nueva investigaci\u00f3n, un grupo de cient\u00edficos del Wellcome Sanger Institute en\u00a0<b>Reino Unido<\/b>\u00a0logr\u00f3 identificar c\u00f3mo comienza a desarrollarse el\u00a0<b>Alzheimer<\/b>\u00a0en el\u00a0<b>cerebro<\/b>, al analizar m\u00e1s de 140.000 variantes de una prote\u00edna llamada\u00a0<b>amiloide beta<\/b>.<\/p>\n<div class=\"news-module\" data-mrf-recirculation=\"IL_GBLs3HYWRq2RgU4Qz8MM1Q\" data-testid=\"text-html\" data-mrf-experience=\"IL_GBLs3HYWRq2RgU4Qz8MM1Q\">\n<div class=\"recommended-card__info\">Seg\u00fan inform\u00f3 la revista <i>Newsweek<\/i>, este hallazgo representa el primer mapa detallado de c\u00f3mo peque\u00f1os cambios en esta prote\u00edna pueden llevar a la formaci\u00f3n de sustancias da\u00f1inas en el cerebro, un proceso que est\u00e1 en el coraz\u00f3n de esta enfermedad.<\/div>\n<\/div>\n<p class=\"paragraph\" data-mrf-recirculation=\"Links inline\">El equipo, liderado por la investigadora\u00a0<b>Anna Arutyunyan<\/b>, se concentr\u00f3 en una versi\u00f3n espec\u00edfica de dicha prote\u00edna, llamada\u00a0<b>A\u03b242 (beta amiloide 42)<\/b>, que suele estar presente en personas con Alzheimer.<\/p>\n<div class=\"news-module\" data-mrf-recirculation=\"IL_m3kiGo-8SVS6m0U7OqrZLw\" data-testid=\"text-html\" data-mrf-experience=\"IL_m3kiGo-8SVS6m0U7OqrZLw\">\n<div class=\"recommended-card__info\">Los cient\u00edficos\u00a0utilizaron t\u00e9cnicas modernas, desde an\u00e1lisis gen\u00e9ticos hasta modelos de laboratorio con levadura, para estudiar c\u00f3mo distintas mutaciones afectan el comportamiento de esta prote\u00edna.<\/div>\n<\/div>\n<div class=\"visual__image\"><\/div>\n<div class=\"inline_2_DSK ad-wrapper ad-desktop\">\n<div class=\"dfpAd ad-inline\">\n<div id=\"infobae\/salud\/ciencia\/nota\/inline_2_DSK\" class=\"infobae\/salud\/ciencia\/nota\/inline_2_DSK arcad\" data-google-query-id=\"CPb9r_rf_Y0DFaxWpAQd7cQcOA\">\n<div><\/div>\n<div id=\"google_ads_iframe_\/1058609\/infobae\/salud\/ciencia\/nota\/inline_2_DSK_0__container__\">Seg\u00fan <i>Newsweek<\/i>, uno de los descubrimientos m\u00e1s importantes fue que no todas las partes de la prote\u00edna influyen de igual forma, solo unas pocas zonas parecen tener un papel clave en el momento en que la prote\u00edna empieza a formar\u00a0<b>placas en el cerebro<\/b>, lo que ocurre cuando muchas mol\u00e9culas se agrupan en estructuras llamadas\u00a0<b>fibrillas<\/b>.<\/div>\n<\/div>\n<\/div>\n<\/div>\n<div class=\"news-module\" data-mrf-recirculation=\"IL_wLyG9sjfRQKb8QO3fSLumw\" data-testid=\"text-html\" data-mrf-experience=\"IL_wLyG9sjfRQKb8QO3fSLumw\">\n<div class=\"recommended-card__info\">\n<div><\/div>\n<div class=\"recommended-card__info-button recommended-card__info-button--deportes\">La amiloide beta est\u00e1 relacionada con m\u00e1s de 50 enfermedades cerebrales, pero <b>no siempre forma placas.<\/b>\u00a0Para que eso ocurra,\u00a0<b>se necesita que la prote\u00edna pase por una fase muy breve y dif\u00edcil de estudiar, como un \u201cpunto de no retorno\u201d.<\/b>\u00a0Por eso, entender esa etapa es esencial para desarrollar tratamientos.<\/div>\n<\/div>\n<\/div>\n<p class=\"paragraph\" data-mrf-recirculation=\"Links inline\">El equipo logr\u00f3 identificar que la parte m\u00e1s importante para iniciar esta reacci\u00f3n est\u00e1 en una zona espec\u00edfica de la prote\u00edna, llamada\u00a0<b>regi\u00f3n C-terminal<\/b>, que es muy dif\u00edcil de disolver en agua.<\/p>\n<p class=\"paragraph\" data-mrf-recirculation=\"Links inline\">De acuerdo con\u00a0<i>Newsweek<\/i>, los expertos creen que enfocar futuros tratamientos en esa zona podr\u00eda ser clave para\u00a0<b>evitar o retrasar el avance del Alzheimer<\/b>.<\/p>\n<div class=\"headline-wrapper\">\n<h2 class=\"header headline-class-h2\">Contexto de la enfermedad<\/h2>\n<\/div>\n<p class=\"paragraph\" data-mrf-recirculation=\"Links inline\">La enfermedad de Alzheimer afecta actualmente a unos\u00a0<b>7,2 millones de estadounidenses<\/b>\u00a0<b>mayores de 65 a\u00f1os,<\/b>\u00a0seg\u00fan estimaciones de la Alzheimer\u2019s Association citadas por\u00a0<i>Newsweek<\/i>.<\/p>\n<p class=\"paragraph\" data-mrf-recirculation=\"Links inline\">Los\u00a0<b>s\u00edntomas iniciales<\/b>\u00a0suelen manifestarse como problemas de memoria, aunque la progresi\u00f3n puede incluir delirios, dificultades en el habla, alteraciones del sue\u00f1o y cambios de humor.<\/p>\n<p class=\"paragraph\" data-mrf-recirculation=\"Links inline\">En el n\u00facleo de m\u00e1s de 50 enfermedades neurodegenerativas se encuentra la mol\u00e9cula amiloide beta, un p\u00e9ptido que tiende a agruparse en fibrillas amiloides, las cuales forman placas asociadas con la progresi\u00f3n del Alzheimer.<\/p>\n<div class=\"headline-wrapper\">\n<h2 class=\"header headline-class-h2\">Posible aplicaci\u00f3n en otras enfermedades<\/h2>\n<\/div>\n<p class=\"paragraph\" data-mrf-recirculation=\"Links inline\">Adem\u00e1s del Alzheimer, este m\u00e9todo podr\u00eda aplicarse al estudio de otras prote\u00ednas que, cuando se agrupan de forma anormal, causan\u00a0<b>trastornos cerebrales graves<\/b>.<\/p>\n<p class=\"paragraph\" data-mrf-recirculation=\"Links inline\">Seg\u00fan\u00a0<i>Newsweek<\/i>, el equipo de investigaci\u00f3n cree que esta t\u00e9cnica podr\u00eda ayudar a entender mejor muchas otras enfermedades que afectan el cerebro.<\/p>\n<p class=\"paragraph\" data-mrf-recirculation=\"Links inline\">Los investigadores, explicaron a la revista\u00a0<i>Newsweek<\/i>, que el modelo muestra \u201cpor primera vez con gran claridad c\u00f3mo se da el cambio en la prote\u00edna que causa el problema\u201d, y que representa un avance, porque \u201cnunca antes se hab\u00eda analizado esta prote\u00edna a tal escala\u201d.<\/p>\n<p class=\"paragraph\" data-mrf-recirculation=\"Links inline\">En la actualidad, el Alzheimer<b>\u00a0<\/b>es una de las causas m\u00e1s comunes de p\u00e9rdida de memoria y deterioro mental en personas mayores. Este avance representa un paso importante hacia tratamientos m\u00e1s eficaces, al ofrecer una nueva mirada sobre c\u00f3mo las mutaciones gen\u00e9ticas influyen en su desarrollo.<\/p>\n<p data-mrf-recirculation=\"Links inline\">\n<p data-mrf-recirculation=\"Links inline\">Nicol\u00e1s Sturtz<\/p>\n<p>https:\/\/www.infobae.com\/salud\/ciencia\/2025\/06\/16\/un-hallazgo-cientifico-revela-el-origen-del-alzheimer-en-el-cerebro\/<\/p>\n<p>&nbsp;<\/p>\n","protected":false},"excerpt":{"rendered":"<p>El estudio detect&oacute; el momento en que una mol&eacute;cula clave empieza a agruparse y provocar la enfermedad En una nueva investigaci&oacute;n, un grupo de cient&iacute;ficos del Wellcome Sanger Institute en&nbsp;Reino<\/p>\n<div><a href=\"https:\/\/afabaix.org\/es\/un-hallazgo-cientifico-revela-el-origen-del-alzheimer-en-el-cerebro\/\" class=\"exp-read-more exp-read-more-underlined\">Read More<\/a><\/div>\n","protected":false},"author":2,"featured_media":28992,"comment_status":"open","ping_status":"closed","sticky":false,"template":"","format":"standard","meta":{"footnotes":""},"categories":[44],"tags":[],"class_list":["post-28991","post","type-post","status-publish","format-standard","has-post-thumbnail","hentry","category-noticies-es"],"_links":{"self":[{"href":"https:\/\/afabaix.org\/es\/wp-json\/wp\/v2\/posts\/28991","targetHints":{"allow":["GET"]}}],"collection":[{"href":"https:\/\/afabaix.org\/es\/wp-json\/wp\/v2\/posts"}],"about":[{"href":"https:\/\/afabaix.org\/es\/wp-json\/wp\/v2\/types\/post"}],"author":[{"embeddable":true,"href":"https:\/\/afabaix.org\/es\/wp-json\/wp\/v2\/users\/2"}],"replies":[{"embeddable":true,"href":"https:\/\/afabaix.org\/es\/wp-json\/wp\/v2\/comments?post=28991"}],"version-history":[{"count":1,"href":"https:\/\/afabaix.org\/es\/wp-json\/wp\/v2\/posts\/28991\/revisions"}],"predecessor-version":[{"id":28995,"href":"https:\/\/afabaix.org\/es\/wp-json\/wp\/v2\/posts\/28991\/revisions\/28995"}],"wp:featuredmedia":[{"embeddable":true,"href":"https:\/\/afabaix.org\/es\/wp-json\/wp\/v2\/media\/28992"}],"wp:attachment":[{"href":"https:\/\/afabaix.org\/es\/wp-json\/wp\/v2\/media?parent=28991"}],"wp:term":[{"taxonomy":"category","embeddable":true,"href":"https:\/\/afabaix.org\/es\/wp-json\/wp\/v2\/categories?post=28991"},{"taxonomy":"post_tag","embeddable":true,"href":"https:\/\/afabaix.org\/es\/wp-json\/wp\/v2\/tags?post=28991"}],"curies":[{"name":"wp","href":"https:\/\/api.w.org\/{rel}","templated":true}]}}