
{"id":29643,"date":"2025-10-21T15:50:10","date_gmt":"2025-10-21T15:50:10","guid":{"rendered":"https:\/\/afabaix.org\/?p=29643"},"modified":"2025-10-21T15:50:10","modified_gmt":"2025-10-21T15:50:10","slug":"paso-de-gigante-para-la-cura-del-alzheimer-y-el-parkinson-desentranan-el-mapa-proteico-de-la-neurodegeneracion","status":"publish","type":"post","link":"https:\/\/afabaix.org\/es\/paso-de-gigante-para-la-cura-del-alzheimer-y-el-parkinson-desentranan-el-mapa-proteico-de-la-neurodegeneracion\/","title":{"rendered":"Paso de gigante para la cura del alzh\u00e9imer y el p\u00e1rkinson: desentra\u00f1an el mapa proteico de la neurodegeneraci\u00f3n"},"content":{"rendered":"<h2 class=\"article-header__subheading\" data-mrf-recirculation=\"Art\u00edculo - Subt\u00edtulo\">Un grupo de investigadores crea una base de datos de biomarcadores para la detecci\u00f3n precoz y el desarrollo de terapias de las principales enfermedades neurodegenerativas.<\/h2>\n<p id=\"paragraph_1\" class=\"paragraph\" data-mrf-recirculation=\"links-parrafos\">La ciencia da hoy un paso de gigante para la detecci\u00f3n precoz y el desarrollo de terapias frente a tres de las principales enfermedades neurodegenerativas (alzh\u00e9imer,\u00a0p\u00e1rkinson, demencia frontotemporal y esclerosis lateral amiotr\u00f3fica, ELA) al presentar una\u00a0<strong>base de datos de biomarcadores proteicos<\/strong>\u00a0de estas dolencias.<\/p>\n<p id=\"paragraph_2\" class=\"paragraph\" data-mrf-recirculation=\"links-parrafos\">\u00abHasta hace un par de a\u00f1os no cre\u00edamos que la sangre fuera capaz de capturar lo que pasaba en el cerebro\u00bb, subraya en una entrevista con\u00a0<em>EFE<\/em>, Carlos Cruchaga, uno de los investigadores que lidera este hallazgo, repartido en cinco art\u00edculos cient\u00edficos publicados en\u00a0<em>Nature Medicine<\/em>\u00a0y\u00a0<em>Nature Aging<\/em>.<\/p>\n<div class=\"article-body__adv article-body__adv--gpt\">\n<div id=\"adv_paragraph_1\" class=\"adv\" data-placeholder-fixed=\"on\" data-status=\"off\" data-type-dfp=\"4-3\" data-video-adv=\"exco\">\n<div id=\"fba82720-9d40-422e-a6bd-3508482cbede\" class=\"pbs\" data-pbs-root=\"true\" data-pbs-position=\"static\" data-exs-config=\"{&quot;customParams&quot;:{&quot;seccion&quot;:&quot;ciencia&quot;}}\" data-pbs-device=\"desktop\" data-pbs-video-title=\"true\" data-pbs-pagination=\"true\" data-pbs-size=\"medium-large\" data-pbs-content=\"playing\" data-pbs-player=\"content\" data-pbs-ads=\"ended\" data-pbs-slot=\"ended\" data-pbs-content-type=\"mcd\" data-pbs-hover=\"true\">\n<div id=\"exp_18c974e1-a2ee-4b9c-b6a2-66357bd97dfa\" class=\"pbs__player shown\" tabindex=\"0\" role=\"application\" aria-label=\"Video Player\">\n<div id=\"video672001560ea41a382-b6bb-471c-9366-f7f426a15b19\" class=\"pb-stream\" aria-hidden=\"true\">\n<div id=\"__exco_root_container\" class=\" __exco_desktop __exco_root_container\"><\/div>\n<\/div>\n<\/div>\n<div class=\"exp-ui__static\">Cruchaga, originario de Pamplona (Espa\u00f1a), dirige un <strong>Laboratorio de Neorogen\u00f3mica<\/strong>\u00a0que lleva su nombre en la Universidad Washington en San Luis (Misuri, Estados Unidos), una de las instituciones del Consorcio Global de Prote\u00f3mica de la Neurodegeneraci\u00f3n del que parte esta haza\u00f1a.<\/div>\n<\/div>\n<\/div>\n<\/div>\n<p id=\"paragraph_4\" class=\"paragraph\" data-mrf-recirculation=\"links-parrafos\" data-gtm-vis-recent-on-screen1664348_107=\"14344\" data-gtm-vis-first-on-screen1664348_107=\"14344\" data-gtm-vis-total-visible-time1664348_107=\"100\" data-gtm-vis-has-fired1664348_107=\"1\" data-gtm-vis-recent-on-screen1664348_111=\"14347\" data-gtm-vis-first-on-screen1664348_111=\"14347\" data-gtm-vis-total-visible-time1664348_111=\"100\" data-gtm-vis-has-fired1664348_111=\"1\">El Consorcio abre desde hoy, gratuitamente, a la comunidad cient\u00edfica la\u00a0<strong>mayor base de datos armonizada de prote\u00ednas<\/strong>\u00a0relacionadas con las enfermedades de Alzheimer, Parkinson, demencia frontotemporal y ELA.<\/p>\n<div class=\"article-adv\">\n<div id=\"taboola-mid-article-organic-thumbnail\">\n<div class=\"ob-smartfeed-wrapper feedIdx-0\">\n<div id=\"outbrain_widget_0\" class=\"OUTBRAIN\" data-src=\"https:\/\/www.elespanol.com\/ciencia\/20250715\/ciencia-da-paso-gigante-futura-cura-enfermedades-parkinson-alzheimer\/1003743849134_0.html\" data-widget-id=\"MB_2\" data-ob-mark=\"true\" data-browser=\"chrome\" data-os=\"win32\" data-dynload=\"\" data-idx=\"0\">\n<div class=\"ob-widget ob-feed-layout MB_2\">\n<div class=\"ob-widget-header\">\n<div class=\"ob_what ob_what_resp\">El repositorio incluye <strong>250 millones de mediciones proteicas \u00fanicas<\/strong>\u00a0de cerca de 40.000 muestras de fluidos biol\u00f3gicos, como plasma de sangre y l\u00edquido cefalorraqu\u00eddeo, procedentes de 23 grupos de individuos de diferentes partes del mundo, junto con sus datos cl\u00ednicos asociados (y an\u00f3nimos).<\/div>\n<\/div>\n<\/div>\n<\/div>\n<\/div>\n<\/div>\n<\/div>\n<p id=\"paragraph_6\" class=\"paragraph\" data-mrf-recirculation=\"links-parrafos\">Hasta ahora, los investigadores hab\u00edan encontrado marcadores de estas enfermedades en el l\u00edquido cefalorraqu\u00eddeo, la gran novedad es la constataci\u00f3n de que las enfermedades neurodegenerativas estudiadas\u00a0<strong>cambian los niveles de prote\u00ednas en sangre<\/strong>, lo que permite identificar marcadores espec\u00edficos.<\/p>\n<h3 data-mrf-recirculation=\"Art\u00edculo - Subt\u00edtulo\">Detecci\u00f3n precoz<\/h3>\n<p id=\"paragraph_7\" class=\"paragraph\" data-mrf-recirculation=\"links-parrafos\" data-gtm-vis-recent-on-screen1664348_109=\"29580\" data-gtm-vis-first-on-screen1664348_109=\"29580\" data-gtm-vis-total-visible-time1664348_109=\"100\" data-gtm-vis-has-fired1664348_109=\"1\">\u00abEsos biomarcadores\u00a0<strong>nos llevar\u00e1n a encontrar pacientes antes de que desarrollen la patolog\u00eda<\/strong>\u00a0y, con ello, a poder cambiar sus prote\u00ednas por las de un perfil sano\u00bb, explica el investigador.<\/p>\n<p id=\"paragraph_8\" class=\"paragraph\" data-mrf-recirculation=\"links-parrafos\">El equipo dirigido por Carlos Cruchaga ha puesto \u00abmucho esfuerzo en normalizar los niveles de prote\u00edna para tres de las enfermedades (Alzheimer, Parkinson y demencia), para compararlos entre s\u00ed y con los de personas sanas, que envejecen sin ning\u00fan tipo de enfermedad neurodegenerativa\u00bb, apunta el investigador navarro.<\/p>\n<p id=\"paragraph_9\" class=\"paragraph\" data-mrf-recirculation=\"links-parrafos\">Su trabajo ha detectado<strong>\u00a0m\u00e1s de 2.000 prote\u00ednas asociadas a cada una de esas tres enfermedades<\/strong>\u00a0estudiadas y, recurriendo a tecnolog\u00edas de aprendizaje autom\u00e1tico, han aislado las diez prote\u00ednas m\u00e1s determinantes para cada dolencia.<\/p>\n<div class=\"single-link\" data-mrf-recirculation=\"Noticia - single link\">\n<div>\u00abEsta es la primera vez que somos capaces de comparar el alzh\u00e9imer, el p\u00e1rkinson y la demencia frontotemporal desde el punto de vista del perfil proteico, ver lo que tienen en com\u00fan y aislar lo espec\u00edfico de cada una de ellas\u00bb, agrega.<\/div>\n<\/div>\n<p id=\"paragraph_11\" class=\"paragraph\" data-mrf-recirculation=\"links-parrafos\">Hasta el momento, se hab\u00eda visto que desde el punto de vista cl\u00ednico eran enfermedades diferentes pero no se sab\u00eda bien c\u00f3mo, ni se hab\u00edan comparado entre ellas y con las de un perfil de envejecimiento sano.<\/p>\n<h3 data-mrf-recirculation=\"Art\u00edculo - Subt\u00edtulo\"><strong>Abrir una frontera de esperanza<\/strong><\/h3>\n<p id=\"paragraph_12\" class=\"paragraph\" data-mrf-recirculation=\"links-parrafos\">\u00bfQu\u00e9 supone esa identificaci\u00f3n proteica que ve la luz hoy? \u00abLa esperanza de que estamos avanzando en la direcci\u00f3n correcta para desarrollar\u00a0<strong>una nueva ola de terapias y ensayos<\/strong>\u00a0frente a estas enfermedades\u00bb, responde el investigador.<\/p>\n<p id=\"paragraph_13\" class=\"paragraph\" data-mrf-recirculation=\"links-parrafos\">Y Cruchaga enfatiza que \u00abeste solo es el comienzo, la punta del iceberg\u00bb de los resultados que producir\u00e1 este repositorio de datos de prote\u00ednas asociadas a estas enfermedades.<\/p>\n<p id=\"paragraph_14\" class=\"paragraph\" data-mrf-recirculation=\"links-parrafos\">De hecho, el Consorcio Global de Prote\u00f3mica de la Neurodegeneraci\u00f3n arranc\u00f3 en 2023 con 23 instituciones asociadas y a d\u00eda de hoy tiene m\u00e1s de 40, entre ellas el BarcelonaBeta Brain Research Center o la Fundaci\u00f3n Pascual Maragall.<\/p>\n<p id=\"paragraph_15\" class=\"paragraph\" data-mrf-recirculation=\"links-parrafos\">Esto supone\u00a0<strong>ampliar los grupos de personas en todo el mundo<\/strong>\u00a0de los que hay registro proteico, con muestras m\u00e1s representativas que incluya a todos los continentes, y un objetivo com\u00fan: facilitar la armonizaci\u00f3n y el intercambio de datos cient\u00edficos para generar avances revolucionarios en las enfermedades neurodegenerativas.<\/p>\n<div class=\"single-link\" data-mrf-recirculation=\"Noticia - single link\">\n<div>\u00abNos enfocamos en gente que tiene esas enfermedades, pero tambi\u00e9n en <strong>otros que envejecen sin ellas<\/strong>, en busca de perfiles proteicos sanos que tambi\u00e9n nos ayuden a encontrar dianas terap\u00e9uticas y a aumentar la calidad de vida de las personas a medida que envejecen\u00bb, sostiene el investigador.<\/div>\n<\/div>\n<p id=\"paragraph_17\" class=\"paragraph\" data-mrf-recirculation=\"links-parrafos\">Otro de los art\u00edculos recogidos hoy describe una\u00a0<strong>variante gen\u00e9tica que aumenta el riesgo de padecer alzh\u00e9imer<\/strong>\u00a0y sugiere que puede tener tambi\u00e9n un papel determinante en las otras tres enfermedades neurodegenerativas estudiadas.<\/p>\n<p id=\"paragraph_18\" class=\"paragraph\" data-mrf-recirculation=\"links-parrafos\">La influencia de los niveles de prote\u00ednas en el l\u00edquido cefalorraqu\u00eddeo y el plasma en la salud cognitiva aparece explicada en otro de los estudios.<\/p>\n<p id=\"paragraph_19\" class=\"paragraph\" data-mrf-recirculation=\"links-parrafos\">Los autores destacan la importancia de la colaboraci\u00f3n internacional, el intercambio de datos y el uso de cohortes diversas es fundamental para avanzar en la investigaci\u00f3n de las enfermedades neurodegenerativas, que afectan a 57 millones de personas en todo el mundo. Una cifra que se prev\u00e9 que pueda duplicarse dentro de 20 a\u00f1os.<\/p>\n<p data-mrf-recirculation=\"links-parrafos\">\n<p data-mrf-recirculation=\"links-parrafos\">J.A . G\u00f3mez<\/p>\n<p>https:\/\/www.elespanol.com\/ciencia\/20250715\/ciencia-da-paso-gigante-futura-cura-enfermedades-parkinson-alzheimer\/1003743849134_0.html<\/p>\n<p>&nbsp;<\/p>\n<p data-mrf-recirculation=\"links-parrafos\">\n","protected":false},"excerpt":{"rendered":"<p>Un grupo de investigadores crea una base de datos de biomarcadores para la detecci&oacute;n precoz y el desarrollo de terapias de las principales enfermedades neurodegenerativas. La ciencia da hoy un<\/p>\n<div><a href=\"https:\/\/afabaix.org\/es\/paso-de-gigante-para-la-cura-del-alzheimer-y-el-parkinson-desentranan-el-mapa-proteico-de-la-neurodegeneracion\/\" class=\"exp-read-more exp-read-more-underlined\">Read More<\/a><\/div>\n","protected":false},"author":2,"featured_media":29644,"comment_status":"open","ping_status":"closed","sticky":false,"template":"","format":"standard","meta":{"footnotes":""},"categories":[44],"tags":[],"class_list":["post-29643","post","type-post","status-publish","format-standard","has-post-thumbnail","hentry","category-noticies-es"],"_links":{"self":[{"href":"https:\/\/afabaix.org\/es\/wp-json\/wp\/v2\/posts\/29643","targetHints":{"allow":["GET"]}}],"collection":[{"href":"https:\/\/afabaix.org\/es\/wp-json\/wp\/v2\/posts"}],"about":[{"href":"https:\/\/afabaix.org\/es\/wp-json\/wp\/v2\/types\/post"}],"author":[{"embeddable":true,"href":"https:\/\/afabaix.org\/es\/wp-json\/wp\/v2\/users\/2"}],"replies":[{"embeddable":true,"href":"https:\/\/afabaix.org\/es\/wp-json\/wp\/v2\/comments?post=29643"}],"version-history":[{"count":1,"href":"https:\/\/afabaix.org\/es\/wp-json\/wp\/v2\/posts\/29643\/revisions"}],"predecessor-version":[{"id":29647,"href":"https:\/\/afabaix.org\/es\/wp-json\/wp\/v2\/posts\/29643\/revisions\/29647"}],"wp:featuredmedia":[{"embeddable":true,"href":"https:\/\/afabaix.org\/es\/wp-json\/wp\/v2\/media\/29644"}],"wp:attachment":[{"href":"https:\/\/afabaix.org\/es\/wp-json\/wp\/v2\/media?parent=29643"}],"wp:term":[{"taxonomy":"category","embeddable":true,"href":"https:\/\/afabaix.org\/es\/wp-json\/wp\/v2\/categories?post=29643"},{"taxonomy":"post_tag","embeddable":true,"href":"https:\/\/afabaix.org\/es\/wp-json\/wp\/v2\/tags?post=29643"}],"curies":[{"name":"wp","href":"https:\/\/api.w.org\/{rel}","templated":true}]}}