
{"id":30143,"date":"2026-08-27T10:13:09","date_gmt":"2026-08-27T10:13:09","guid":{"rendered":"https:\/\/afabaix.org\/?p=30143"},"modified":"2026-08-27T10:13:09","modified_gmt":"2026-08-27T10:13:09","slug":"una-investigacion-identifica-una-posible-clave-biologica-de-la-mayor-vulnerabilidad-de-las-mujeres-frente-al-alzheimer","status":"publish","type":"post","link":"https:\/\/afabaix.org\/es\/una-investigacion-identifica-una-posible-clave-biologica-de-la-mayor-vulnerabilidad-de-las-mujeres-frente-al-alzheimer\/","title":{"rendered":"Una investigaci\u00f3n identifica una posible clave biol\u00f3gica de la mayor vulnerabilidad de las mujeres frente al alzh\u00e9imer"},"content":{"rendered":"<p class=\"isSelectedEnd\">Un estudio liderado por el Instituto de Neurociencias CSIC-UMH de Alicante ha identificado una respuesta del sistema inmunitario que podr\u00eda contribuir a explicar por qu\u00e9 la enfermedad de Alzheimer afecta de forma especialmente importante a las mujeres.<\/p>\n<p class=\"isSelectedEnd\">Las mujeres representan cerca de <strong>dos tercios de las personas diagnosticadas con alzh\u00e9imer<\/strong>. Aunque la mayor esperanza de vida femenina explica una parte de esta diferencia, no parece justificarla por completo. Estudios cl\u00ednicos previos tambi\u00e9n han observado que, en algunos casos, las mujeres pueden presentar una progresi\u00f3n m\u00e1s r\u00e1pida del deterioro cognitivo y de la enfermedad.<\/p>\n<p class=\"isSelectedEnd\">La nueva investigaci\u00f3n apunta a un posible mecanismo biol\u00f3gico implicado en esta desigualdad. Los cient\u00edficos han detectado en las mujeres con alzh\u00e9imer una <strong>activaci\u00f3n m\u00e1s intensa de la v\u00eda de se\u00f1alizaci\u00f3n del interfer\u00f3n<\/strong>, una respuesta inmunitaria que ayuda al organismo a defenderse frente a las infecciones, pero que, si permanece activada de forma prolongada, puede favorecer procesos de neuroinflamaci\u00f3n y alterar el funcionamiento neuronal.<\/p>\n<p class=\"isSelectedEnd\">Para estudiar esta diferencia, el equipo analiz\u00f3 datos de <strong>secuenciaci\u00f3n de ARN de tejido cerebral post mortem de personas con alzh\u00e9imer<\/strong>. Los resultados mostraron que los programas gen\u00e9ticos relacionados con el interfer\u00f3n estaban significativamente m\u00e1s activados en las mujeres que en los hombres. Esta diferencia se observ\u00f3 incluso cuando ambos grupos presentaban una carga amiloide y un grado de patolog\u00eda cerebral similares.<\/p>\n<p class=\"isSelectedEnd\">Los investigadores confirmaron posteriormente este patr\u00f3n en un modelo animal de alzh\u00e9imer. Las hembras presentaban una respuesta por interfer\u00f3n m\u00e1s intensa, una mayor inflamaci\u00f3n cerebral y alteraciones neuropatol\u00f3gicas m\u00e1s pronunciadas. Mediante t\u00e9cnicas de secuenciaci\u00f3n de ARN a nivel de c\u00e9lula \u00fanica, el estudio identific\u00f3 a la <strong>microgl\u00eda<\/strong>, las principales c\u00e9lulas inmunitarias del cerebro, como uno de los principales tipos celulares implicados en esta respuesta.<\/p>\n<p class=\"isSelectedEnd\">Tal como se\u00f1ala <strong>Ver\u00f3nica L\u00f3pez L\u00f3pez<\/strong>, primera autora del estudio, los resultados refuerzan la idea de que la <strong>neuroinflamaci\u00f3n desempe\u00f1a un papel central en la progresi\u00f3n de la enfermedad de Alzheimer<\/strong>.<\/p>\n<p class=\"isSelectedEnd\">El equipo tambi\u00e9n investig\u00f3 si esta activaci\u00f3n inmunitaria pod\u00eda intervenir activamente en la progresi\u00f3n de la enfermedad. En los modelos experimentales, potenciar la se\u00f1alizaci\u00f3n por interfer\u00f3n agrav\u00f3 los cambios neuroinflamatorios y neurodegenerativos. En cambio, el <strong>bloqueo farmacol\u00f3gico de la v\u00eda cGAS-STING<\/strong> redujo la respuesta inflamatoria y las alteraciones neuropatol\u00f3gicas y preserv\u00f3 el rendimiento cognitivo en las hembras del modelo animal.<\/p>\n<p class=\"isSelectedEnd\">Estos resultados abren una posible nueva l\u00ednea de investigaci\u00f3n terap\u00e9utica, pero los autores remarcan que las pruebas de intervenci\u00f3n se han realizado principalmente en modelos animales. Por tanto, todav\u00eda ser\u00e1n necesarios estudios cl\u00ednicos para determinar si la modulaci\u00f3n de esta v\u00eda inmunitaria puede llegar a ser segura y \u00fatil en personas con alzh\u00e9imer.<\/p>\n<p class=\"isSelectedEnd\">La investigaci\u00f3n aporta nuevos datos sobre los mecanismos que podr\u00edan contribuir a las diferencias entre mujeres y hombres en la enfermedad y refuerza la importancia de tener en cuenta el sexo biol\u00f3gico tanto en el estudio del alzh\u00e9imer como en el desarrollo de futuras estrategias terap\u00e9uticas.<\/p>\n<p class=\"isSelectedEnd\">El trabajo ha contado con financiaci\u00f3n de la <strong>Agencia Estatal de Investigaci\u00f3n \u2013 Ministerio de Ciencia, Innovaci\u00f3n y Universidades<\/strong>, el <strong>Programa Severo Ochoa para Centros de Excelencia del Instituto de Neurociencias CSIC-UMH<\/strong>, el <strong>programa PROMETEO de la Generalitat Valenciana<\/strong>, la <strong>Fundaci\u00f3n Tatiana P\u00e9rez de Guzm\u00e1n el Bueno<\/strong>, la <strong>Fundaci\u00f3n Ram\u00f3n Areces<\/strong>, la <strong>Fundaci\u00f3n \u201dla Caixa\u201d<\/strong> y la <strong>Fundaci\u00f3n Pasqual Maragall<\/strong>.<\/p>\n<p class=\"isSelectedEnd\"><strong>Fuentes:<\/strong><br \/>\nInstituto de Neurociencias CSIC-UMH, <em>Identifican una v\u00eda inmunitaria que podr\u00eda contribuir a la mayor vulnerabilidad de las mujeres frente al alzh\u00e9imer<\/em><br \/>\n<a href=\"https:\/\/in.umh-csic.es\/es\/identifican-una-via-inmunitaria-que-podria-contribuir-a-la-mayor-vulnerabilidad-de-las-mujeres-frente-al-alzheimer\/\" data-rich-text-autolink=\"\" target=\"_blank\" rel=\"noopener\">https:\/\/in.umh-csic.es\/es\/identifican-una-via-inmunitaria-que-podria-contribuir-a-la-mayor-vulnerabilidad-de-las-mujeres-frente-al-alzheimer\/<\/a><\/p>\n<p><em>Journal of Neuroinflammation<\/em>, <em>Sex-dependent interferon signaling contributes to female-biased vulnerability in Alzheimer\u2019s disease<\/em><br \/>\n<a href=\"https:\/\/link.springer.com\/article\/10.1186\/s12974-026-03840-0\" data-rich-text-autolink=\"\" target=\"_blank\" rel=\"noopener\">https:\/\/link.springer.com\/article\/10.1186\/s12974-026-03840-0<\/a><\/p>\n","protected":false},"excerpt":{"rendered":"<p>Un estudio liderado por el Instituto de Neurociencias CSIC-UMH de Alicante ha identificado una respuesta del sistema inmunitario que podr&iacute;a contribuir a explicar por qu&eacute; la enfermedad de Alzheimer afecta<\/p>\n<div><a href=\"https:\/\/afabaix.org\/es\/una-investigacion-identifica-una-posible-clave-biologica-de-la-mayor-vulnerabilidad-de-las-mujeres-frente-al-alzheimer\/\" class=\"exp-read-more exp-read-more-underlined\">Read More<\/a><\/div>\n","protected":false},"author":9,"featured_media":30141,"comment_status":"open","ping_status":"closed","sticky":false,"template":"","format":"standard","meta":{"footnotes":""},"categories":[44],"tags":[],"class_list":["post-30143","post","type-post","status-publish","format-standard","has-post-thumbnail","hentry","category-noticies-es"],"_links":{"self":[{"href":"https:\/\/afabaix.org\/es\/wp-json\/wp\/v2\/posts\/30143","targetHints":{"allow":["GET"]}}],"collection":[{"href":"https:\/\/afabaix.org\/es\/wp-json\/wp\/v2\/posts"}],"about":[{"href":"https:\/\/afabaix.org\/es\/wp-json\/wp\/v2\/types\/post"}],"author":[{"embeddable":true,"href":"https:\/\/afabaix.org\/es\/wp-json\/wp\/v2\/users\/9"}],"replies":[{"embeddable":true,"href":"https:\/\/afabaix.org\/es\/wp-json\/wp\/v2\/comments?post=30143"}],"version-history":[{"count":1,"href":"https:\/\/afabaix.org\/es\/wp-json\/wp\/v2\/posts\/30143\/revisions"}],"predecessor-version":[{"id":30144,"href":"https:\/\/afabaix.org\/es\/wp-json\/wp\/v2\/posts\/30143\/revisions\/30144"}],"wp:featuredmedia":[{"embeddable":true,"href":"https:\/\/afabaix.org\/es\/wp-json\/wp\/v2\/media\/30141"}],"wp:attachment":[{"href":"https:\/\/afabaix.org\/es\/wp-json\/wp\/v2\/media?parent=30143"}],"wp:term":[{"taxonomy":"category","embeddable":true,"href":"https:\/\/afabaix.org\/es\/wp-json\/wp\/v2\/categories?post=30143"},{"taxonomy":"post_tag","embeddable":true,"href":"https:\/\/afabaix.org\/es\/wp-json\/wp\/v2\/tags?post=30143"}],"curies":[{"name":"wp","href":"https:\/\/api.w.org\/{rel}","templated":true}]}}