
{"id":30172,"date":"2026-09-03T11:15:48","date_gmt":"2026-09-03T11:15:48","guid":{"rendered":"https:\/\/afabaix.org\/?p=30172"},"modified":"2026-09-03T11:15:48","modified_gmt":"2026-09-03T11:15:48","slug":"informacion-importante-sobre-la-caminata-de-sant-vicenc-dels-horts-por-el-dia-mundial-del-alzheimer","status":"publish","type":"post","link":"https:\/\/afabaix.org\/es\/informacion-importante-sobre-la-caminata-de-sant-vicenc-dels-horts-por-el-dia-mundial-del-alzheimer\/","title":{"rendered":"INFORMACI\u00d3N IMPORTANTE SOBRE LA CAMINATA DE SANT VICEN\u00c7 DELS HORTS POR EL D\u00cdA MUNDIAL DEL ALZHEIMER"},"content":{"rendered":"<p>Desde comienzos de a\u00f1o estamos trabajando en la organizaci\u00f3n de la jornada del 19 de septiembre. Ya en el mes de enero presentamos al Ayuntamiento de Sant Vicen\u00e7 dels Horts la solicitud correspondiente para disponer del espacio, siguiendo el procedimiento establecido, y posteriormente hemos ido completando toda la documentaci\u00f3n necesaria.<\/p>\n<p>Ahora, sin embargo, se nos comunica que no podemos disponer del espacio solicitado porque el Ayuntamiento ha decidido cederlo a otra asociaci\u00f3n que tambi\u00e9n trabaja con personas con discapacidad.<\/p>\n<p>Ante esta situaci\u00f3n, nos preguntamos si esta es realmente la manera de gestionar una actividad vinculada al <strong>D\u00eda Mundial del Alzheimer<\/strong>, especialmente por parte de las personas con responsabilidad directa en esta cuesti\u00f3n, como el <strong>Sr. Jordi Gil Dorado, concejal de Salud P\u00fablica<\/strong>, y el <strong>Sr. Jos\u00e9 Mar\u00eda Martos, persona de confianza<\/strong>.<\/p>\n<p>Queremos dejar una cosa muy clara: <strong>no tenemos ning\u00fan problema con la otra entidad ni cuestionamos en absoluto sus necesidades.<\/strong> Entendemos perfectamente que tambi\u00e9n necesiten un espacio adecuado y accesible.<\/p>\n<p><strong>Lo que cuestionamos es la manera en que se ha gestionado esta situaci\u00f3n.<\/strong><\/p>\n<p>Nuestra asociaci\u00f3n hab\u00eda realizado la solicitud con anterioridad y, siguiendo el procedimiento establecido, consideramos que no es correcto que una decisi\u00f3n posterior del Ayuntamiento acabe perjudicando una actividad que lleva meses planificada.<\/p>\n<p>Y tampoco podemos aceptar como soluci\u00f3n que simplemente se nos ofrezca cualquier otro espacio. Trabajamos con personas con Alzheimer y otras demencias, personas mayores, personas con dificultades de movilidad, deterioro cognitivo y diferentes grados de dependencia y discapacidad, as\u00ed como con sus familias y cuidadores.<\/p>\n<p>Por ello, <strong>la accesibilidad, la seguridad, la proximidad y la comodidad del espacio no son preferencias: son necesidades imprescindibles.<\/strong><\/p>\n<p>Llevamos meses organizando esta jornada, coordinando proveedores, colaboradores, familias y recursos. No consideramos justo que las consecuencias organizativas, econ\u00f3micas y log\u00edsticas de una decisi\u00f3n municipal posterior tengan que recaer ahora sobre nuestra asociaci\u00f3n.<\/p>\n<p>Consideramos, por tanto, que tanto el <strong>Sr. Jordi Gil Dorado, como concejal de Salud P\u00fablica, como el Sr. Jos\u00e9 Mar\u00eda Martos<\/strong>, deber\u00edan explicar con claridad qu\u00e9 criterios se han seguido para tomar esta decisi\u00f3n y por qu\u00e9 una solicitud presentada y tramitada con meses de antelaci\u00f3n ha acabado vi\u00e9ndose afectada por una decisi\u00f3n posterior.<\/p>\n<p>No pedimos ning\u00fan privilegio ni queremos entrar en ning\u00fan conflicto entre entidades. <strong>Pedimos que se respete el procedimiento, el orden en que se presentaron las solicitudes y, sobre todo, las necesidades de las personas a quienes va dirigida esta actividad.<\/strong><\/p>\n<p>Continuaremos defendiendo una soluci\u00f3n digna, coherente y respetuosa con las personas con Alzheimer, otras demencias, situaciones de dependencia y discapacidad, y con todas sus familias.<\/p>\n<p>Porque hablar de inclusi\u00f3n, sensibilidad y respeto tambi\u00e9n significa demostrarlo en la manera de tomar las decisiones.<\/p>\n","protected":false},"excerpt":{"rendered":"<p>Desde comienzos de a&ntilde;o estamos trabajando en la organizaci&oacute;n de la jornada del 19 de septiembre. Ya en el mes de enero presentamos al Ayuntamiento de Sant Vicen&ccedil; dels Horts<\/p>\n<div><a href=\"https:\/\/afabaix.org\/es\/informacion-importante-sobre-la-caminata-de-sant-vicenc-dels-horts-por-el-dia-mundial-del-alzheimer\/\" class=\"exp-read-more exp-read-more-underlined\">Read More<\/a><\/div>\n","protected":false},"author":9,"featured_media":30174,"comment_status":"closed","ping_status":"closed","sticky":false,"template":"","format":"standard","meta":{"footnotes":""},"categories":[44],"tags":[],"class_list":["post-30172","post","type-post","status-publish","format-standard","has-post-thumbnail","hentry","category-noticies-es"],"_links":{"self":[{"href":"https:\/\/afabaix.org\/es\/wp-json\/wp\/v2\/posts\/30172","targetHints":{"allow":["GET"]}}],"collection":[{"href":"https:\/\/afabaix.org\/es\/wp-json\/wp\/v2\/posts"}],"about":[{"href":"https:\/\/afabaix.org\/es\/wp-json\/wp\/v2\/types\/post"}],"author":[{"embeddable":true,"href":"https:\/\/afabaix.org\/es\/wp-json\/wp\/v2\/users\/9"}],"replies":[{"embeddable":true,"href":"https:\/\/afabaix.org\/es\/wp-json\/wp\/v2\/comments?post=30172"}],"version-history":[{"count":1,"href":"https:\/\/afabaix.org\/es\/wp-json\/wp\/v2\/posts\/30172\/revisions"}],"predecessor-version":[{"id":30173,"href":"https:\/\/afabaix.org\/es\/wp-json\/wp\/v2\/posts\/30172\/revisions\/30173"}],"wp:featuredmedia":[{"embeddable":true,"href":"https:\/\/afabaix.org\/es\/wp-json\/wp\/v2\/media\/30174"}],"wp:attachment":[{"href":"https:\/\/afabaix.org\/es\/wp-json\/wp\/v2\/media?parent=30172"}],"wp:term":[{"taxonomy":"category","embeddable":true,"href":"https:\/\/afabaix.org\/es\/wp-json\/wp\/v2\/categories?post=30172"},{"taxonomy":"post_tag","embeddable":true,"href":"https:\/\/afabaix.org\/es\/wp-json\/wp\/v2\/tags?post=30172"}],"curies":[{"name":"wp","href":"https:\/\/api.w.org\/{rel}","templated":true}]}}